{"id":239510,"date":"2022-11-24T09:05:46","date_gmt":"2022-11-24T15:05:46","guid":{"rendered":"https:\/\/plazajuarez.mx\/?p=239510"},"modified":"2022-11-24T09:06:14","modified_gmt":"2022-11-24T15:06:14","slug":"dese-por-enterado-1057","status":"publish","type":"post","link":"https:\/\/plazajuarez.mx\/historico\/dese-por-enterado-1057\/","title":{"rendered":"DESE POR ENTERADO"},"content":{"rendered":"\n<p class=\"wp-block-paragraph\"><strong>PARA QUIEN DUDARA, VAN EN SERIO<\/strong>. \u2013 La detenci\u00f3n de presidentes municipales inmiscuidos en la denominada \u201cEstafa Siniestra\u201d, ha dejado muy en claro que la lucha contra la corrupci\u00f3n en el sexenio del gobernador, <strong>Julio Menchaca Salazar<\/strong>, va en serio, y m\u00e1s les vale a los que ve\u00edan con ojos de burla las primeras acciones tomadas para contar con todos los elementos legales que permitieran la detenci\u00f3n de los malandrines alcaldes, ponerse serios y observar con claridad, <strong>que no es lo mismo el que se la pasas amenace y amenace, que quien simplemente avisa que ya se detuvieron a los primeros corruptos comprobados.<\/strong> As\u00ed las cosas, se confirma un estilo muy particular del mandatario hidalguense, que tiene que ver con la templanza, para no caer en la constante de otros que hacen esc\u00e1ndalo a manos llenas, para finalmente no tener absolutamente nada.<\/p>\n\n\n\n<figure class=\"wp-block-image size-full\"><img loading=\"lazy\" decoding=\"async\" width=\"2560\" height=\"1639\" src=\"https:\/\/plazajuarez.mx\/historico\/historico\/wp-content\/uploads\/2022\/11\/PARA-QUIEN-DUDARA-VAN-EN-SERIO.-\u2013Archivo--scaled.jpeg\" alt=\"\" class=\"wp-image-239511\" srcset=\"https:\/\/plazajuarez.mx\/historico\/wp-content\/uploads\/2022\/11\/PARA-QUIEN-DUDARA-VAN-EN-SERIO.-\u2013Archivo--scaled.jpeg 2560w, https:\/\/plazajuarez.mx\/historico\/wp-content\/uploads\/2022\/11\/PARA-QUIEN-DUDARA-VAN-EN-SERIO.-\u2013Archivo--768x492.jpeg 768w, https:\/\/plazajuarez.mx\/historico\/wp-content\/uploads\/2022\/11\/PARA-QUIEN-DUDARA-VAN-EN-SERIO.-\u2013Archivo--1536x984.jpeg 1536w, https:\/\/plazajuarez.mx\/historico\/wp-content\/uploads\/2022\/11\/PARA-QUIEN-DUDARA-VAN-EN-SERIO.-\u2013Archivo--2048x1312.jpeg 2048w, https:\/\/plazajuarez.mx\/historico\/wp-content\/uploads\/2022\/11\/PARA-QUIEN-DUDARA-VAN-EN-SERIO.-\u2013Archivo--179x116.jpeg 179w\" sizes=\"auto, (max-width: 2560px) 100vw, 2560px\" \/><\/figure>\n\n\n\n<p class=\"wp-block-paragraph\"><strong>PRIMER GOLPAZO, PREVIO A LOS PRIMEROS 100 D\u00cdAS DE GOBIERNO<\/strong>. \u2013 Hay muchas interpretaciones que pueden darse al anuncio hecho ayer, sobre la captura de los ediles tranzas, pero una fundamental es que se trata de un primer golpazo con pruebas que confirman de antemano la responsabilidad de los presidentes municipales. Es decir, no se trata de una acci\u00f3n sin bases (como sucede en otras latitudes), sino de un proceso cuidado al m\u00e1ximo para no atentar contra la dignidad, ni la fama p\u00fablica de nadie. <strong>Porque sin duda, adem\u00e1s de la templanza, si algo habr\u00e1 de distinguir al actual gobierno, es que sabe de leyes, que conoce a fondo los procesos judiciales. Vaya pues, que otorga prioridad a la preparaci\u00f3n acad\u00e9mica, y despu\u00e9s la confirma en los hechos<\/strong>. Bien.<\/p>\n\n\n\n<figure class=\"wp-block-image size-full\"><img loading=\"lazy\" decoding=\"async\" width=\"873\" height=\"480\" src=\"https:\/\/plazajuarez.mx\/historico\/historico\/wp-content\/uploads\/2022\/11\/PRIMER-GOLPAZO-PREVIO-A-LOS-PRIMEROS-100-DI\u0301AS-DE-GOBIERNO.-\u2013-Ilustrativa-.jpg\" alt=\"\" class=\"wp-image-239512\" srcset=\"https:\/\/plazajuarez.mx\/historico\/wp-content\/uploads\/2022\/11\/PRIMER-GOLPAZO-PREVIO-A-LOS-PRIMEROS-100-DI\u0301AS-DE-GOBIERNO.-\u2013-Ilustrativa-.jpg 873w, https:\/\/plazajuarez.mx\/historico\/wp-content\/uploads\/2022\/11\/PRIMER-GOLPAZO-PREVIO-A-LOS-PRIMEROS-100-DI\u0301AS-DE-GOBIERNO.-\u2013-Ilustrativa--768x422.jpg 768w, https:\/\/plazajuarez.mx\/historico\/wp-content\/uploads\/2022\/11\/PRIMER-GOLPAZO-PREVIO-A-LOS-PRIMEROS-100-DI\u0301AS-DE-GOBIERNO.-\u2013-Ilustrativa--546x300.jpg 546w\" sizes=\"auto, (max-width: 873px) 100vw, 873px\" \/><\/figure>\n\n\n\n<p class=\"wp-block-paragraph\"><strong>PERO UNA COSA ES UNA COSA, Y OTRA COSA ES OTRA COSA<\/strong>. \u2013 No son pocos los que ya no duermen, porque no dan con la f\u00f3rmula para generar un enfrentamiento directo y p\u00fablico del ex gobernador <strong>Omar Fayad Meneses<\/strong>, con el actual mandatario, <strong>Julio Menchaca Salazar<\/strong>. Y para ello se valen del antiguo y nada secreto arte de las \u201cfiltraciones\u201d que ni lo son tanto, porque las usan incluso en franquicias de medios digitales de su propiedad, donde tunden que da gusto a uno, luego al otro, y luego buscan genera la idea de que lo hacen porque tanto el actual gobernador, como su antecesor, les entregaron \u201cdocumentos ultra secretos\u201d. Por supuesto los pol\u00edticos metidos a periodistas no lo hacen nada m\u00e1s porque s\u00ed. De ninguna manera. Sus intereses, como siempre, son de \u00edndole econ\u00f3mico, y ni siquiera para beneficio de la franquicia que manejan, sino de sus verdaderos negocios que son los inmobiliarios con bastante frecuencia.<\/p>\n\n\n\n<figure class=\"wp-block-image size-full\"><img loading=\"lazy\" decoding=\"async\" width=\"1920\" height=\"1280\" src=\"https:\/\/plazajuarez.mx\/historico\/historico\/wp-content\/uploads\/2022\/11\/PERO-UNA-COSA-ES-UNA-COSA-Y-OTRA-COSA-ES-OTRA-COSA.-\u2013-Twitter-Omar-Fayad.jpeg\" alt=\"\" class=\"wp-image-239513\" srcset=\"https:\/\/plazajuarez.mx\/historico\/wp-content\/uploads\/2022\/11\/PERO-UNA-COSA-ES-UNA-COSA-Y-OTRA-COSA-ES-OTRA-COSA.-\u2013-Twitter-Omar-Fayad.jpeg 1920w, https:\/\/plazajuarez.mx\/historico\/wp-content\/uploads\/2022\/11\/PERO-UNA-COSA-ES-UNA-COSA-Y-OTRA-COSA-ES-OTRA-COSA.-\u2013-Twitter-Omar-Fayad-768x512.jpeg 768w, https:\/\/plazajuarez.mx\/historico\/wp-content\/uploads\/2022\/11\/PERO-UNA-COSA-ES-UNA-COSA-Y-OTRA-COSA-ES-OTRA-COSA.-\u2013-Twitter-Omar-Fayad-1536x1024.jpeg 1536w, https:\/\/plazajuarez.mx\/historico\/wp-content\/uploads\/2022\/11\/PERO-UNA-COSA-ES-UNA-COSA-Y-OTRA-COSA-ES-OTRA-COSA.-\u2013-Twitter-Omar-Fayad-274x183.jpeg 274w, https:\/\/plazajuarez.mx\/historico\/wp-content\/uploads\/2022\/11\/PERO-UNA-COSA-ES-UNA-COSA-Y-OTRA-COSA-ES-OTRA-COSA.-\u2013-Twitter-Omar-Fayad-80x54.jpeg 80w, https:\/\/plazajuarez.mx\/historico\/wp-content\/uploads\/2022\/11\/PERO-UNA-COSA-ES-UNA-COSA-Y-OTRA-COSA-ES-OTRA-COSA.-\u2013-Twitter-Omar-Fayad-130x87.jpeg 130w, https:\/\/plazajuarez.mx\/historico\/wp-content\/uploads\/2022\/11\/PERO-UNA-COSA-ES-UNA-COSA-Y-OTRA-COSA-ES-OTRA-COSA.-\u2013-Twitter-Omar-Fayad-359x240.jpeg 359w, https:\/\/plazajuarez.mx\/historico\/wp-content\/uploads\/2022\/11\/PERO-UNA-COSA-ES-UNA-COSA-Y-OTRA-COSA-ES-OTRA-COSA.-\u2013-Twitter-Omar-Fayad-85x57.jpeg 85w, https:\/\/plazajuarez.mx\/historico\/wp-content\/uploads\/2022\/11\/PERO-UNA-COSA-ES-UNA-COSA-Y-OTRA-COSA-ES-OTRA-COSA.-\u2013-Twitter-Omar-Fayad-546x365.jpeg 546w, https:\/\/plazajuarez.mx\/historico\/wp-content\/uploads\/2022\/11\/PERO-UNA-COSA-ES-UNA-COSA-Y-OTRA-COSA-ES-OTRA-COSA.-\u2013-Twitter-Omar-Fayad-165x109.jpeg 165w, https:\/\/plazajuarez.mx\/historico\/wp-content\/uploads\/2022\/11\/PERO-UNA-COSA-ES-UNA-COSA-Y-OTRA-COSA-ES-OTRA-COSA.-\u2013-Twitter-Omar-Fayad-112x75.jpeg 112w, https:\/\/plazajuarez.mx\/historico\/wp-content\/uploads\/2022\/11\/PERO-UNA-COSA-ES-UNA-COSA-Y-OTRA-COSA-ES-OTRA-COSA.-\u2013-Twitter-Omar-Fayad-179x120.jpeg 179w, https:\/\/plazajuarez.mx\/historico\/wp-content\/uploads\/2022\/11\/PERO-UNA-COSA-ES-UNA-COSA-Y-OTRA-COSA-ES-OTRA-COSA.-\u2013-Twitter-Omar-Fayad-170x113.jpeg 170w, https:\/\/plazajuarez.mx\/historico\/wp-content\/uploads\/2022\/11\/PERO-UNA-COSA-ES-UNA-COSA-Y-OTRA-COSA-ES-OTRA-COSA.-\u2013-Twitter-Omar-Fayad-81x55.jpeg 81w, https:\/\/plazajuarez.mx\/historico\/wp-content\/uploads\/2022\/11\/PERO-UNA-COSA-ES-UNA-COSA-Y-OTRA-COSA-ES-OTRA-COSA.-\u2013-Twitter-Omar-Fayad-765x510.jpeg 765w\" sizes=\"auto, (max-width: 1920px) 100vw, 1920px\" \/><\/figure>\n\n\n\n<p class=\"wp-block-paragraph\"><strong>EL REGRESO DE CANEK V\u00c1ZQUEZ G\u00d3NGORA<\/strong>. \u2013 Hoy delegado de INFONAVIT, Canek es un personaje pol\u00e9mico en todo el sentido de la palabra. No pocos lo se\u00f1alan y califican como \u201ctrapecista profesional\u201d de la pol\u00edtica, y puede que tengan raz\u00f3n. Pero el hecho es que siempre cae bien parado, luego de dar triple machincuepa en el aire, agarrase de un trapecio de un color, luego de otro y finalmente \u201cEl Guinda\u201d de moda. Vaya pues, que sabe de los tiempos y los lugares. Habr\u00e1 que ver a qu\u00e9 le tira con una delegaci\u00f3n, porque es obvio que estar\u00e1 en la misma un breve lapso de tiempo.<\/p>\n\n\n\n\n\n<p class=\"wp-block-paragraph\"><strong>Aviso para que no digan: Esta columna se nutre de comentarios recabados por agencias del Recontra-Espionaje, muy similares a las que populariz\u00f3 el \u201cS\u00faper Agente 86\u201d en sus tiempos. Como tal lo que publicamos puede que sea cierto, puede que no, o todo lo contrario. Est\u00e1 usted en libertad de creer o no lo que lee, recontra-enojarse, recontra- carcajearse y hasta recontra-recordarnos a nuestra jefecita (nosotros recontra-haremos lo propio). Avisado est\u00e1 usted.&nbsp;<\/strong><\/p>\n\n\n\n<p class=\"wp-block-paragraph\"><strong>desexenterado@gmail.com @desexenterado&nbsp;<\/strong><\/p>\n","protected":false},"excerpt":{"rendered":"<p>PARA QUIEN DUDARA, VAN EN SERIO. \u2013 La detenci\u00f3n de presidentes municipales inmiscuidos en la denominada \u201cEstafa Siniestra\u201d, ha dejado muy en claro que la lucha contra la corrupci\u00f3n en el sexenio del gobernador, Julio Menchaca Salazar, va en serio, y m\u00e1s les vale a los que ve\u00edan con ojos de burla las primeras acciones [&hellip;]<\/p>\n","protected":false},"author":93,"featured_media":234681,"comment_status":"closed","ping_status":"closed","sticky":false,"template":"","format":"standard","meta":{"footnotes":""},"categories":[83],"tags":[],"class_list":["post-239510","post","type-post","status-publish","format-standard","has-post-thumbnail","hentry","category-dese-por-enterado"],"_links":{"self":[{"href":"https:\/\/plazajuarez.mx\/historico\/wp-json\/wp\/v2\/posts\/239510","targetHints":{"allow":["GET"]}}],"collection":[{"href":"https:\/\/plazajuarez.mx\/historico\/wp-json\/wp\/v2\/posts"}],"about":[{"href":"https:\/\/plazajuarez.mx\/historico\/wp-json\/wp\/v2\/types\/post"}],"author":[{"embeddable":true,"href":"https:\/\/plazajuarez.mx\/historico\/wp-json\/wp\/v2\/users\/93"}],"replies":[{"embeddable":true,"href":"https:\/\/plazajuarez.mx\/historico\/wp-json\/wp\/v2\/comments?post=239510"}],"version-history":[{"count":0,"href":"https:\/\/plazajuarez.mx\/historico\/wp-json\/wp\/v2\/posts\/239510\/revisions"}],"wp:featuredmedia":[{"embeddable":true,"href":"https:\/\/plazajuarez.mx\/historico\/wp-json\/wp\/v2\/media\/234681"}],"wp:attachment":[{"href":"https:\/\/plazajuarez.mx\/historico\/wp-json\/wp\/v2\/media?parent=239510"}],"wp:term":[{"taxonomy":"category","embeddable":true,"href":"https:\/\/plazajuarez.mx\/historico\/wp-json\/wp\/v2\/categories?post=239510"},{"taxonomy":"post_tag","embeddable":true,"href":"https:\/\/plazajuarez.mx\/historico\/wp-json\/wp\/v2\/tags?post=239510"}],"curies":[{"name":"wp","href":"https:\/\/api.w.org\/{rel}","templated":true}]}}