{"id":23951,"date":"2016-06-30T11:52:32","date_gmt":"2016-06-30T11:52:32","guid":{"rendered":"http:\/\/plazajuarez.mx\/index\/index.php\/2016\/06\/30\/laguna-de-voces-169\/"},"modified":"2016-06-30T11:52:32","modified_gmt":"2016-06-30T11:52:32","slug":"laguna-de-voces-169","status":"publish","type":"post","link":"https:\/\/plazajuarez.mx\/historico\/laguna-de-voces-169\/","title":{"rendered":"LAGUNA DE VOCES"},"content":{"rendered":"<p style=\"text-align: justify;\">* Don Anselmo Estrada, encuentro con el periodismo<\/p>\n<p>  <!--more-->  <\/p>\n<p style=\"text-align: justify;\">\n<p>Pocos son los motivos que pueden reunirnos a los periodistas en Hidalgo, y supongo que esta condici\u00f3n prevalece en todo el pa\u00eds, fruto de un esp\u00edritu eg\u00f3latra que m\u00e1s de uno padece, y que de plano hace imposible cualquier intento de trato igualitario, porque no faltan los que deciden auto investirse como maestros, gu\u00edas espirituales y cosas por el estilo.<br \/>\u00a0\u00a0\u00a0 Sin embargo existe un personaje que siempre ha logrado la coincidencia de opini\u00f3n en torno a su trabajo honesto y cotidiano, siempre digno de admiraci\u00f3n, reconocimiento; pero fundamentalmente un cari\u00f1o sincero por su disposici\u00f3n a ense\u00f1ar los misterios del trabajo de mesa de redacci\u00f3n, y siempre del necesario amor que debe tenerse a una profesi\u00f3n tan necesitada del mismo.<br \/>\u00a0\u00a0\u00a0 Me refiero por supuesto a don Anselmo Estrada Alburquerque, periodista maestro de muchas generaciones, que lo respetan, le reconocen las horas de correcci\u00f3n con bicolor en hojas siempre impresas, los subrayados, las anotaciones con el \u00fanico mapa de s\u00edmbolos del buen corrector.<br \/>\u00a0\u00a0\u00a0 Pero a\u00fan m\u00e1s sus pl\u00e1ticas, su don vital para aceptar la vida y jugar con ella, arreglarle unos adornos tipogr\u00e1ficos, y hacerla creer que a veces puede ganar la partida, solo para salir trasquilada y encontrarnos una vez m\u00e1s a don Anselmo a la vuelta de la esquina con la eterna pregunta, \u201c\u00bfqu\u00e9 hay de nuevo chavo?\u201d.<br \/>\u00a0\u00a0\u00a0 \u00c9l, evidentemente, honra cualquier premio que le sea entregado, siempre con ese esp\u00edritu cr\u00edtico, y una actitud plena de amor por su ciudad, su estado, sus amigos, el tiempo que le ha tocado vivir.<br \/>\u00a0\u00a0\u00a0 A todos nos reuni\u00f3 y celebramos con gusto, saber que recib\u00eda un reconocimiento del Senado de la Rep\u00fablica, porque en la historia del periodismo hidalguense est\u00e1 presente desde hace mucho tiempo como uno de los primeros grandes maestros, y por supuesto amigo al que se quiere y admira.<br \/>\u00a0\u00a0\u00a0 Pocas vidas dedicadas al periodismo hidalguense no han sido tocadas por la vida de don Anselmo. Es decir por su trabajo de correcci\u00f3n, sus consejos para darle una forma m\u00e1s clara y cierta a una cr\u00f3nica, a una entrevista.<br \/>\u00a0\u00a0\u00a0 A todos nos dio gusto verlo festejado por su familia, sus amigos m\u00e1s cercanos, porque sin duda se lo merece.<br \/>\u00a0\u00a0\u00a0 De una ruda amabilidad, jugador invencible de vencidas, adorador de la luna llena, presumo haber sido testigo en muchas ocasiones del acto casi m\u00e1gico en que con bicolor en mano y un l\u00e1piz, don Anselmo lograba dar coherencia a un texto pleno de incoherencias, y con cari\u00f1o sincero extender el escrito a su autor para que lo pasara en limpio, y descubriera que, despu\u00e9s de todo, alg\u00fan d\u00eda encontrar\u00eda el camino a la redacci\u00f3n con sentido.<br \/>\u00a0\u00a0\u00a0 Pero adem\u00e1s, fundamentalmente adem\u00e1s, en los hechos, es decir en sus publicaciones, nos ha ense\u00f1ado la m\u00e1xima de que \u201cal periodista lo avalan los hechos, sin ellos est\u00e1 perdido\u201d. Leer su columna itinerante es tener la certeza de que quien la escribe ha constatado palabra a palabra lo que nos presenta.<br \/>\u00a0\u00a0\u00a0 Por esa y muchas m\u00e1s razones es que todav\u00eda, ya pasados muchos d\u00edas, seguimos con la celebraci\u00f3n ya no al premio, sino a la vida de don Anselmo que nutre la vocaci\u00f3n, a veces endeble, de quienes cuando menos intentamos la tarea fundamental de saber expresar en letras lo que pensamos. Est\u00e1 claro, no siempre con resultados \u00f3ptimos.<br \/>\u00a0\u00a0\u00a0 \u00a1Felicidades Maestro!<\/p>\n<p>Mil gracias, hasta ma\u00f1ana.<\/p>\n<p>jeperalta@gmail.com<br \/>twitter: @JavierEPeralta<\/p>\n<p>CITA:<br \/>\u00a0\u00a0\u00a0 De una ruda amabilidad, jugador invencible de vencidas, adorador de la luna llena, presumo haber sido testigo en muchas ocasiones del acto casi m\u00e1gico en que con bicolor en mano y un l\u00e1piz, don Anselmo lograba dar coherencia a un texto pleno de incoherencias, y con cari\u00f1o sincero extender el escrito a su autor para que lo pasara en limpio, y descubriera que, despu\u00e9s de todo, alg\u00fan d\u00eda encontrar\u00eda el camino a la redacci\u00f3n con sentido.<\/p>\n<p><\/p>\n","protected":false},"excerpt":{"rendered":"<p>* Don Anselmo Estrada, encuentro con el periodismo<\/p>\n","protected":false},"author":93,"featured_media":0,"comment_status":"open","ping_status":"open","sticky":false,"template":"","format":"standard","meta":{"footnotes":""},"categories":[49],"tags":[],"class_list":["post-23951","post","type-post","status-publish","format-standard","hentry","category-javier-peralta"],"_links":{"self":[{"href":"https:\/\/plazajuarez.mx\/historico\/wp-json\/wp\/v2\/posts\/23951","targetHints":{"allow":["GET"]}}],"collection":[{"href":"https:\/\/plazajuarez.mx\/historico\/wp-json\/wp\/v2\/posts"}],"about":[{"href":"https:\/\/plazajuarez.mx\/historico\/wp-json\/wp\/v2\/types\/post"}],"author":[{"embeddable":true,"href":"https:\/\/plazajuarez.mx\/historico\/wp-json\/wp\/v2\/users\/93"}],"replies":[{"embeddable":true,"href":"https:\/\/plazajuarez.mx\/historico\/wp-json\/wp\/v2\/comments?post=23951"}],"version-history":[{"count":0,"href":"https:\/\/plazajuarez.mx\/historico\/wp-json\/wp\/v2\/posts\/23951\/revisions"}],"wp:attachment":[{"href":"https:\/\/plazajuarez.mx\/historico\/wp-json\/wp\/v2\/media?parent=23951"}],"wp:term":[{"taxonomy":"category","embeddable":true,"href":"https:\/\/plazajuarez.mx\/historico\/wp-json\/wp\/v2\/categories?post=23951"},{"taxonomy":"post_tag","embeddable":true,"href":"https:\/\/plazajuarez.mx\/historico\/wp-json\/wp\/v2\/tags?post=23951"}],"curies":[{"name":"wp","href":"https:\/\/api.w.org\/{rel}","templated":true}]}}