{"id":23946,"date":"2016-06-30T11:47:34","date_gmt":"2016-06-30T11:47:34","guid":{"rendered":"http:\/\/plazajuarez.mx\/index\/index.php\/2016\/06\/30\/dese-por-enterado-213\/"},"modified":"2020-04-14T19:08:10","modified_gmt":"2020-04-14T19:08:10","slug":"dese-por-enterado-213","status":"publish","type":"post","link":"https:\/\/plazajuarez.mx\/historico\/dese-por-enterado-213\/","title":{"rendered":"DESE POR ENTERADO"},"content":{"rendered":"<p style=\"text-align: justify;\">PRIMEROS DIAGN\u00d3STICOS PARA<br \/>EL GABINETE DE OMAR FAYAD<\/p>\n<p>S\u00e9palo usted, que el gabinete del gobernador electo, Omar Fayad Meneses, ser\u00e1 conformado por hombres y mujeres j\u00f3venes. Es decir que los rucanroleros que presum\u00edan que ellos s\u00ed sab\u00edan c\u00f3mo hacerlo, pero a la hora buena provocaron tremendas derrotas al tricolor en Pachuca, por ejemplo, se pueden despedir de su ancestral hueso de \u201casesores espirituales\u201d. Su tiempo se acab\u00f3.<\/p>\n<p>  <!--more-->  <\/p>\n<p style=\"text-align: justify;\">\u00a0<\/p>\n<p style=\"text-align: justify;\">\u00a0\u00a0\u00a0 \u00a0\u00a0\u00a0 \u00a0\u00a0\u00a0 \u00a0\u00a0\u00a0 \u00a0\u00a0\u00a0 ***<\/p>\n<p>LA FLOR DE LA ABUNDANCIA<\/p>\n<p>Pues no fueron pocos los pol\u00edticos que se apuntaron para ser candidatos a presidentes municipales y diputados locales, en algo as\u00ed como la Flor de la Abundancia. Pero resulta que no, que solo los primeros que llegaron tendr\u00e1n premio. Vaya pues como los legisladores pluris. Pero los dem\u00e1s, que le invirtieron, nomas ya no. Y con raz\u00f3n un ex candidato a edil se dio a la tarea de pedirle al pueblo que pretend\u00eda representar, le regresaran su dinerito.<\/p>\n<p>\u00a0\u00a0\u00a0 \u00a0\u00a0\u00a0 \u00a0\u00a0\u00a0 \u00a0\u00a0\u00a0 \u00a0\u00a0\u00a0 ***<\/p>\n<p>EL INDIGNO PAPEL DE VER<br \/>A M\u00c9XICO COMO LO PEOR<\/p>\n<p>A mi ya me hartaron con los videos en redes sociales donde el presidente, Enrique Pe\u00f1a Nieto, es catalogado como lo peor. Si planta un \u00e1rbol, si se toma una foto con otros mandatarios. Todo lo hace mal, y hay que celebrarlo seg\u00fan estos sujetos, porque en M\u00e9xico todo es una porquer\u00eda. Y lo que en otros es chiste, aqu\u00ed es un crimen, un atentado contra la humanidad. Vaya pues que la campa\u00f1a de odio la ha funcionado al PAN, a MORENA, a los de la CNTE. Vaya pues que como la canci\u00f3n, el mundo (nosotros incluidos) \u201ces y ser\u00e1 una porquer\u00eda ya lo s\u00e9\u201d.<\/p>\n<p>\u00a0\u00a0\u00a0 \u00a0\u00a0\u00a0 \u00a0\u00a0\u00a0 \u00a0\u00a0\u00a0 \u00a0\u00a0\u00a0 ***<\/p>\n<p>EL PAN, UN DES\u2026 GARRIATE<\/p>\n<p>Cual canes se pelean los despojos de un Comit\u00e9 Directivo Estatal panista. Porque resulta que el panismo de Hidalgo no fue el que gan\u00f3 los comicios en un buen n\u00famero de municipios y distritos. No se\u00f1or. Fue la campa\u00f1a de odio contra el PRI que se difundi\u00f3 a nivel nacional. Es decir que la ciudadan\u00eda no vot\u00f3 por el PAN. Vot\u00f3 contra el Revolucionario Institucional. Por eso la pelea por la dirigencia local est\u00e1 que da miedo. Todos sacan las u\u00f1as, y a fuerzas quieren quedar como mandamases del blanquiazul.<\/p>\n<p>\u00a0\u00a0\u00a0 \u00a0\u00a0\u00a0 \u00a0\u00a0\u00a0 \u00a0\u00a0\u00a0 \u00a0\u00a0\u00a0 ***<\/p>\n<p>DUDAS Y COMENTARIOS:<br \/>desexenterado@gmail.com<br \/>twitter: @desexenterado<\/p>\n","protected":false},"excerpt":{"rendered":"<p>PRIMEROS DIAGN\u00d3STICOS PARAEL GABINETE DE OMAR FAYAD S\u00e9palo usted, que el gabinete del gobernador electo, Omar Fayad Meneses, ser\u00e1 conformado por hombres y mujeres j\u00f3venes. Es decir que los rucanroleros que presum\u00edan que ellos s\u00ed sab\u00edan c\u00f3mo hacerlo, pero a la hora buena provocaron tremendas derrotas al tricolor en Pachuca, por ejemplo, se pueden despedir [&hellip;]<\/p>\n","protected":false},"author":93,"featured_media":0,"comment_status":"open","ping_status":"open","sticky":false,"template":"","format":"standard","meta":{"footnotes":""},"categories":[83,42],"tags":[],"class_list":["post-23946","post","type-post","status-publish","format-standard","hentry","category-dese-por-enterado","category-nuestrapalabra"],"_links":{"self":[{"href":"https:\/\/plazajuarez.mx\/historico\/wp-json\/wp\/v2\/posts\/23946","targetHints":{"allow":["GET"]}}],"collection":[{"href":"https:\/\/plazajuarez.mx\/historico\/wp-json\/wp\/v2\/posts"}],"about":[{"href":"https:\/\/plazajuarez.mx\/historico\/wp-json\/wp\/v2\/types\/post"}],"author":[{"embeddable":true,"href":"https:\/\/plazajuarez.mx\/historico\/wp-json\/wp\/v2\/users\/93"}],"replies":[{"embeddable":true,"href":"https:\/\/plazajuarez.mx\/historico\/wp-json\/wp\/v2\/comments?post=23946"}],"version-history":[{"count":0,"href":"https:\/\/plazajuarez.mx\/historico\/wp-json\/wp\/v2\/posts\/23946\/revisions"}],"wp:attachment":[{"href":"https:\/\/plazajuarez.mx\/historico\/wp-json\/wp\/v2\/media?parent=23946"}],"wp:term":[{"taxonomy":"category","embeddable":true,"href":"https:\/\/plazajuarez.mx\/historico\/wp-json\/wp\/v2\/categories?post=23946"},{"taxonomy":"post_tag","embeddable":true,"href":"https:\/\/plazajuarez.mx\/historico\/wp-json\/wp\/v2\/tags?post=23946"}],"curies":[{"name":"wp","href":"https:\/\/api.w.org\/{rel}","templated":true}]}}