{"id":23944,"date":"2016-06-30T11:46:10","date_gmt":"2016-06-30T11:46:10","guid":{"rendered":"http:\/\/plazajuarez.mx\/index\/index.php\/2016\/06\/30\/la-ley-no-se-negocia-2\/"},"modified":"2016-06-30T11:46:10","modified_gmt":"2016-06-30T11:46:10","slug":"la-ley-no-se-negocia-2","status":"publish","type":"post","link":"https:\/\/plazajuarez.mx\/historico\/la-ley-no-se-negocia-2\/","title":{"rendered":"La Ley no se negocia"},"content":{"rendered":"<p style=\"text-align: justify;\">La aprobaci\u00f3n del presidente Pe\u00f1a Nieto est\u00e1 en el suelo (35%), al igual que la de su gabinete, pero tambi\u00e9n la del Congreso, jueces y magistrados, polic\u00edas, y pr\u00e1cticamente todos los elementos del poder p\u00fablico<\/p>\n<p>  <!--more-->  <\/p>\n<p style=\"text-align: justify;\">Ante la realidad implacable que ha llevado al Estado mexicano a una situaci\u00f3n de debilidad extrema, el lunes el presidente Pe\u00f1a Nieto recurri\u00f3, parecer\u00eda que como \u00faltimo recurso de defensa, a \u201cpintar su raya\u201d: la reforma educativa no se reforma ni se negocia, porque es ley; de hecho ninguna ley se negocia. Ech\u00f3 mano de lo que por definici\u00f3n es el soporte b\u00e1sico de toda democracia, el Estado de derecho. \u00c9l jur\u00f3 \u201c&#8230; cumplir y hacer cumplir las leyes\u201d. <br \/>La aprobaci\u00f3n del presidente Pe\u00f1a Nieto est\u00e1 en el suelo (35%), al igual que la de su gabinete, pero tambi\u00e9n la del Congreso, jueces y magistrados, polic\u00edas, y pr\u00e1cticamente todos los elementos del poder p\u00fablico. Peor a\u00fan, una parte sustancial de la ciudadan\u00eda (42%) no le cree \u201cnada\u201d al Presidente, ni a muchas otras autoridades. Varios gobernadores, entre otros pol\u00edticos, se hunden en el lodo de la realidad que crearon, con la \u201cconcurrencia\u201d del gobierno federal. <br \/>Lo m\u00e1s grave es que a esto se suma evidencia de la incapacidad del gobierno para usar de manera efectiva la informaci\u00f3n y la inteligencia pol\u00edticas, y en su caso la fuerza p\u00fablica, como instrumentos leg\u00edtimos para preservar la gobernabilidad, la paz social, y el Estado de derecho. Por una parte, en materia de combate a la delincuencia y al crimen organizado, la evaluaci\u00f3n m\u00e1s generosa ser\u00eda que hay un empate entre gobierno y criminales. Adem\u00e1s, por otra parte, se registra una secuela de pifias operativas para controlar vandalismo, bloqueos, secuestros, extorsiones y dem\u00e1s, lo que erosiona el concepto de que con el gobierno no se \u201cjuega\u201d, porque cuenta con los recursos para hacer que se cumpla la ley e imponer el orden democr\u00e1tico. <br \/>Ahora que el enfrentamiento en Nochixtl\u00e1n desnud\u00f3 que lo que priva en Oaxaca es el actuar de la guerrilla (movimiento antisist\u00e9micos violentos), las reglas para gobernar cambiaron. Entre los ocho muertos de Nochixtl\u00e1n, ninguno era maestro y s\u00f3lo dos locales del lugar. El asunto no es la CNTE contra la reforma educativa, sino lidiar con \u201cla guerrilla\u201d disfrazada de CNTE. Esa es la tarea para el presidente Pe\u00f1a, con la Secretar\u00eda de Gobernaci\u00f3n como eje de su estrategia. <br \/>El renovado \u00e9nfasis en respetar los derechos humanos no debe convertirse en M\u00e9xico en causal para que el Estado no cumpla sus obligaciones, como no ha sucedido en otros pa\u00edses (Francia, Espa\u00f1a, Chile). Ya no se legisl\u00f3 a tiempo en materia del uso leg\u00edtimo de la fuerza p\u00fablica. Esa gran omisi\u00f3n deber\u00e1 subsanarse de inmediato con protocolos, precisiones y convenciones p\u00fablicas que cuenten con la sanci\u00f3n de las m\u00faltiples instancias de derechos humanos y justicia, nacionales e internacionales. La guerrilla se disfraza de movimientos sociales, de ONG\u2019s (algunas auspiciadas por gobiernos estatales), y de lo que le sirva para moverse con un disfraz social. <br \/>La ley no se negocia, pero ninguna, en ning\u00fan caso, y para nadie. Desde los franeleros, los tianguis, las concentraciones p\u00fablicas, el bloqueo de vialidades y carreteras, pasando por las licitaciones de obra p\u00fablica, el fraude y la estafa (\u00bfc\u00f3mo ve usted los desalojos en Tulum?) \u00bfC\u00f3mo puede mantener la gobernabilidad un gobierno impopular, con diversas incapacidades operativas, alejado de la gente, basado en un federalismo disfuncional, que recurre ocasional y err\u00e1ticamente al uso leg\u00edtimo de la fuerza p\u00fablica, al cual denigran turbas, organizaciones no gubernamentales y empresariales, al cual no respetan quienes infringen la ley, al cual la mayor\u00eda no le cree, y en el que la mayor\u00eda no conf\u00eda? <br \/>S\u00f3lo con la ley en la mano. La prioridad del gobierno deber\u00eda ser reconstruir credibilidad por medio de aplicar la ley a todos, en toda circunstancia, y en todo momento. \u00a0\u00a0\u00a0 \u00a0\u00a0\u00a0 <\/p>\n","protected":false},"excerpt":{"rendered":"<p>La aprobaci\u00f3n del presidente Pe\u00f1a Nieto est\u00e1 en el suelo (35%), al igual que la de su gabinete, pero tambi\u00e9n la del Congreso, jueces y magistrados, polic\u00edas, y pr\u00e1cticamente todos los elementos del poder p\u00fablico<\/p>\n","protected":false},"author":93,"featured_media":0,"comment_status":"open","ping_status":"open","sticky":false,"template":"","format":"standard","meta":{"footnotes":""},"categories":[42],"tags":[],"class_list":["post-23944","post","type-post","status-publish","format-standard","hentry","category-nuestrapalabra"],"_links":{"self":[{"href":"https:\/\/plazajuarez.mx\/historico\/wp-json\/wp\/v2\/posts\/23944","targetHints":{"allow":["GET"]}}],"collection":[{"href":"https:\/\/plazajuarez.mx\/historico\/wp-json\/wp\/v2\/posts"}],"about":[{"href":"https:\/\/plazajuarez.mx\/historico\/wp-json\/wp\/v2\/types\/post"}],"author":[{"embeddable":true,"href":"https:\/\/plazajuarez.mx\/historico\/wp-json\/wp\/v2\/users\/93"}],"replies":[{"embeddable":true,"href":"https:\/\/plazajuarez.mx\/historico\/wp-json\/wp\/v2\/comments?post=23944"}],"version-history":[{"count":0,"href":"https:\/\/plazajuarez.mx\/historico\/wp-json\/wp\/v2\/posts\/23944\/revisions"}],"wp:attachment":[{"href":"https:\/\/plazajuarez.mx\/historico\/wp-json\/wp\/v2\/media?parent=23944"}],"wp:term":[{"taxonomy":"category","embeddable":true,"href":"https:\/\/plazajuarez.mx\/historico\/wp-json\/wp\/v2\/categories?post=23944"},{"taxonomy":"post_tag","embeddable":true,"href":"https:\/\/plazajuarez.mx\/historico\/wp-json\/wp\/v2\/tags?post=23944"}],"curies":[{"name":"wp","href":"https:\/\/api.w.org\/{rel}","templated":true}]}}