{"id":2394,"date":"2015-03-18T06:00:00","date_gmt":"2015-03-18T06:00:00","guid":{"rendered":"http:\/\/plazajuarez.mx\/index\/index.php\/2015\/03\/18\/champions-league-4\/"},"modified":"2015-03-18T06:00:00","modified_gmt":"2015-03-18T06:00:00","slug":"champions-league-4","status":"publish","type":"post","link":"https:\/\/plazajuarez.mx\/historico\/champions-league-4\/","title":{"rendered":"CHAMPIONS LEAGUE"},"content":{"rendered":"<p><strong>Dram\u00e1tico pase de Atl\u00e9tico de Madrid<\/strong>\u00a0<\/p>\n<p>Atl\u00e9tico de Madrid consigui\u00f3 su pase a los Cuartos de Final de la Champions League luego de superar al Bayer Leverkusen en la tanda de penales.<\/p>\n<p>  <!--more-->  <\/p>\n<p>\u00a0<\/p>\n<p>\u00a0<\/p>\n<p>Los colchoneros, que consiguieron el empate global (1\u20111) gracias al gol de Mario Su\u00e1rez, obligaron a los tiempos extras.<\/p>\n<p>\u00a0<\/p>\n<p>Sin embargo, el conjunto alem\u00e1n, que necesitaba m\u00ednimo el empate en la pizarra del Vicente Calder\u00f3n, se vio superado en esfuerzos ofensivos. Ya instalados desde el manch\u00f3n penal, el club espa\u00f1ol se impuso por 3\u20112 luego de la falla de Kiessling, quien vol\u00f3 el esf\u00e9rico del arco en el \u00faltimo tiro.<\/p>\n<p>\u00a0<\/p>\n<p>De este modo, Atl\u00e9tico de Madrid se une a los Cuartos de Final con Real Madrid, Porto, M\u00f3naco , Bayern M\u00fanich y PSG.<\/p>\n<p>***<\/p>\n<p>\u00a0<\/p>\n<p><strong>M\u00f3naco sufre pero avanza <\/strong><\/p>\n<p>\u00a0<\/p>\n<p>Al borde del milagro se qued\u00f3 el Arsenal, que necesitaba una gesta de considerables dimensiones ante el M\u00f3naco para acceder a Cuartos de Final de la Liga de Campeones pero que se qued\u00f3 a un gol de conseguirlo (0\u20112).<\/p>\n<p>\u00a0<\/p>\n<p>Los de Arsene Wegner acabaron sucumbiendo al desastre de la ida (1\u20113) y, como entonces, fallando numerosas ocasiones de gol en una falta de acierto que les deja fuera de Europa por la diferencia del valor de los goles en campo contrario.<\/p>\n<p>\u00a0<\/p>\n<p>En el minuto 36 le sonri\u00f3 la suerte al Arsenal. Una internada suya le dej\u00f3 solo ante el meta monegasco Subasic, que le gan\u00f3 el mano a mano, pero el rechace volvi\u00f3 a las botas del atacante que, a la segunda, encontr\u00f3 el camino de la red.<\/p>\n<p>\u00a0<\/p>\n<p>El trepidante final del primer tiempo llev\u00f3 los nervios al campo monegasco, que comenz\u00f3 a temer la remontada.<\/p>\n<p>\u00a0<\/p>\n<p>Una combinaci\u00f3n entre Ozil y S\u00e1nchez permiti\u00f3 a Walcott estrellar el bal\u00f3n en el larguero y el rechace lleg\u00f3 en un error defensivo a Ramsey que logr\u00f3 el tanto (82&#8242;).<\/p>\n<p>\u00a0<\/p>\n<p>Esperaba un infierno de diez minutos al M\u00f3naco, que se atrincher\u00f3 en sus posiciones.<\/p>\n<p>\u00a0<\/p>\n<p>El Arsenal se lanz\u00f3 a por la gesta en un final trepidante. Subasic sac\u00f3 de la l\u00ednea de gol un cabezazo de Giroud tras una falta magn\u00edficamente sacada por Cazorla. El Louis II, lleno como nunca, tembl\u00f3 al mismo ritmo que la otrora s\u00f3lida defensa de su equipo.<\/p>\n<p>\u00a0<\/p>\n<p>El Arsenal puso todo el coraje pero le falt\u00f3 el orden y la calma para derribar el muro monegasco y conseguir la gesta.<\/p>\n<p>\u00a0<\/p>\n<p>\u00a0<\/p>\n<p>\u00a0<\/p>\n<p>***<\/p>\n<p><strong>Guardado compite en la cocina contra sus compa\u00f1eros del PSV<\/strong><\/p>\n<p>\u00a0<\/p>\n<p>El mediocampista mexicano Andr\u00e9s Guardado ha tenido una temporada inolvidable con el cuadro del PSV Eindhoven. A lo largo de la campa\u00f1a ha sido uno de los referentes del equipo y el ex Atlas se ha consolidado en Holanda, adem\u00e1s de recuperar su nivel de juego.<\/p>\n<p>La popularidad del jugador azteca lo hizo participar junto al futbolista colombiano, Santiago Arias, en un concurso denominado &#8220;Batalla de Cocina&#8221;, donde se midieron ante Nicolas Isimat\u2011Mirin.<\/p>\n<p>\u00a0<\/p>\n<p>&#8220;El Principito&#8221;, como es conocido Guardado, fue reconocido el pasado fin de semana por la afici\u00f3n de Eindhoven con un mural con la bandera de M\u00e9xico y una leyenda que dec\u00eda:<\/p>\n<p>&#8220;Andr\u00e9s Guardado, nuestra \u00e1guila de oro mexicana, tiene que estar en el PSV Einhoven. Nuestra casa es tu casa Andr\u00e9s&#8221;, lo anterior como apoyo al mexicano y a los rumores que lo sit\u00faan en el cuadro del Ajax para la campa\u00f1a 2015\u201116.<\/p>\n<p>Los Granjeros marchan en el primer lugar de la liga Erevidise con 70 unidades tras 27 partidos disputados.<\/p>\n<p>***<\/p>\n<p>\u00a0<\/p>\n<p><strong>Hermana de Cristiano Ronaldo habla de ruptura con Irina<\/strong><\/p>\n<p>\u00a0<\/p>\n<p>Cristiano Ronaldo no mostr\u00f3 ning\u00fan rasgo de dolor despu\u00e9s de hacer oficial el pasado 20 de enero su ruptura con la modelo rusa Irina Shayk, sin embargo sus actitudes dentro y afuera de la cancha expresaban la inestabilidad por la que pasaba del ariete del Real Madrid.<\/p>\n<p>La hermana mayor del portugu\u00e9s, Elma Aveiro, habl\u00f3 del dolor y sufrimiento que disimul\u00f3 el ex jugador del Manchester United ante el rompimiento de su noviazgo para el diario Correio da Manh\u00e1.<\/p>\n<p>&#8220;Lo de Irina fue como una muerte. Sufrimos la separaci\u00f3n, pero tenemos que mirar para el frente y superarlo&#8221;, as\u00ed describi\u00f3 Elma la separaci\u00f3n de la modelo y el ganador del Bal\u00f3n de Oro 2014.<\/p>\n<p>Han pasado poco menos de dos meses desde la ruptura, no obstante la hermana de Ronaldo afirma que el futbolista del Real Madrid ya es feliz y ha superado cualquier tormento.<\/p>\n<p>&#8220;\u00c9l est\u00e1 bien siempre, con o sin mujer al lado. Est\u00e1 feliz. La separaci\u00f3n fue como la de un matrimonio normal. Acab\u00f3 y ya est\u00e1. Ahora a buscar otra&#8221; finaliz\u00f3.<\/p>\n","protected":false},"excerpt":{"rendered":"<p>Dram\u00e1tico pase de Atl\u00e9tico de Madrid\u00a0 Atl\u00e9tico de Madrid consigui\u00f3 su pase a los Cuartos de Final de la Champions League luego de superar al Bayer Leverkusen en la tanda de penales.<\/p>\n","protected":false},"author":93,"featured_media":0,"comment_status":"open","ping_status":"open","sticky":false,"template":"","format":"standard","meta":{"footnotes":""},"categories":[39],"tags":[],"class_list":["post-2394","post","type-post","status-publish","format-standard","hentry","category-deportiva"],"_links":{"self":[{"href":"https:\/\/plazajuarez.mx\/historico\/wp-json\/wp\/v2\/posts\/2394","targetHints":{"allow":["GET"]}}],"collection":[{"href":"https:\/\/plazajuarez.mx\/historico\/wp-json\/wp\/v2\/posts"}],"about":[{"href":"https:\/\/plazajuarez.mx\/historico\/wp-json\/wp\/v2\/types\/post"}],"author":[{"embeddable":true,"href":"https:\/\/plazajuarez.mx\/historico\/wp-json\/wp\/v2\/users\/93"}],"replies":[{"embeddable":true,"href":"https:\/\/plazajuarez.mx\/historico\/wp-json\/wp\/v2\/comments?post=2394"}],"version-history":[{"count":0,"href":"https:\/\/plazajuarez.mx\/historico\/wp-json\/wp\/v2\/posts\/2394\/revisions"}],"wp:attachment":[{"href":"https:\/\/plazajuarez.mx\/historico\/wp-json\/wp\/v2\/media?parent=2394"}],"wp:term":[{"taxonomy":"category","embeddable":true,"href":"https:\/\/plazajuarez.mx\/historico\/wp-json\/wp\/v2\/categories?post=2394"},{"taxonomy":"post_tag","embeddable":true,"href":"https:\/\/plazajuarez.mx\/historico\/wp-json\/wp\/v2\/tags?post=2394"}],"curies":[{"name":"wp","href":"https:\/\/api.w.org\/{rel}","templated":true}]}}