{"id":239354,"date":"2022-11-22T16:34:07","date_gmt":"2022-11-22T22:34:07","guid":{"rendered":"https:\/\/plazajuarez.mx\/?p=239354"},"modified":"2022-11-22T16:36:11","modified_gmt":"2022-11-22T22:36:11","slug":"acopio","status":"publish","type":"post","link":"https:\/\/plazajuarez.mx\/historico\/acopio\/","title":{"rendered":"INICIA ACOPIO DE LLAVES PARA RECICLAJE\u00a0EN PARQUE ECOL\u00d3GICO CUBITOS"},"content":{"rendered":"\n<p><\/p>\n\n\n\n<p>Ser\u00e1n utilizadas para la elaboraci\u00f3n de una placa conmemorativa por el 20 aniversario de esta \u00c1rea Natural Protegida.<\/p>\n\n\n\n<p>La Secretar\u00eda de Medio Ambiente y Recursos Naturales de Hidalgo (Semarnath) en coordinaci\u00f3n con el Parque Ecol\u00f3gico Cubitos (PEC) inici\u00f3 la recolecci\u00f3n de llaves para su reciclaje, a trav\u00e9s de la campa\u00f1a \u201cAbre paso a la naturaleza\u201d.<\/p>\n\n\n\n<p>Dicha iniciativa tiene como finalidad dar una segunda vida a estos objetos a trav\u00e9s de su fundici\u00f3n para elaborar una placa conmemorativa por el 20 aniversario del Parque Ecol\u00f3gico Cubitos que se celebrar\u00e1 el pr\u00f3ximo 5 de diciembre del presente a\u00f1o.<\/p>\n\n\n\n<p>En ese sentido, la Semarnath invita a la poblaci\u00f3n a sumarse a esta festividad y ser parte de la historia que envuelve a este lugar, que se ha consolidado como un espacio de recreaci\u00f3n y educaci\u00f3n ambiental desde niveles b\u00e1sicos hasta investigaciones universitarias de todo el estado.<\/p>\n\n\n\n<p>La recepci\u00f3n de llaves se lleva a cabo en las instalaciones del parque en la calle Vicente Segura #100, colonia Adolfo L\u00f3pez Mateos en Pachuca de Soto, en un horario de 8:00 a 16:00 horas de lunes a viernes y de 10:00 a 14:00 horas los fines de semana.<\/p>\n\n\n\n<p>El PEC es actualmente la \u00fanica \u00c1rea Natural Protegida de Pachuca y fue la primera en obtener dicha categor\u00eda en toda la entidad, al albergar una vasta biodiversidad de flora y fauna.<\/p>\n","protected":false},"excerpt":{"rendered":"<p>Ser\u00e1n utilizadas para la elaboraci\u00f3n de una placa conmemorativa por el 20 aniversario de esta \u00c1rea Natural Protegida. La Secretar\u00eda de Medio Ambiente y Recursos Naturales de Hidalgo (Semarnath) en coordinaci\u00f3n con el Parque Ecol\u00f3gico Cubitos (PEC) inici\u00f3 la recolecci\u00f3n de llaves para su reciclaje, a trav\u00e9s de la campa\u00f1a \u201cAbre paso a la naturaleza\u201d. [&hellip;]<\/p>\n","protected":false},"author":93,"featured_media":239355,"comment_status":"closed","ping_status":"closed","sticky":false,"template":"","format":"standard","meta":{"footnotes":""},"categories":[15,59,2159],"tags":[],"class_list":["post-239354","post","type-post","status-publish","format-standard","has-post-thumbnail","hentry","category-destacadas","category-general","category-noticias-de-hidalgo"],"_links":{"self":[{"href":"https:\/\/plazajuarez.mx\/historico\/wp-json\/wp\/v2\/posts\/239354","targetHints":{"allow":["GET"]}}],"collection":[{"href":"https:\/\/plazajuarez.mx\/historico\/wp-json\/wp\/v2\/posts"}],"about":[{"href":"https:\/\/plazajuarez.mx\/historico\/wp-json\/wp\/v2\/types\/post"}],"author":[{"embeddable":true,"href":"https:\/\/plazajuarez.mx\/historico\/wp-json\/wp\/v2\/users\/93"}],"replies":[{"embeddable":true,"href":"https:\/\/plazajuarez.mx\/historico\/wp-json\/wp\/v2\/comments?post=239354"}],"version-history":[{"count":0,"href":"https:\/\/plazajuarez.mx\/historico\/wp-json\/wp\/v2\/posts\/239354\/revisions"}],"wp:featuredmedia":[{"embeddable":true,"href":"https:\/\/plazajuarez.mx\/historico\/wp-json\/wp\/v2\/media\/239355"}],"wp:attachment":[{"href":"https:\/\/plazajuarez.mx\/historico\/wp-json\/wp\/v2\/media?parent=239354"}],"wp:term":[{"taxonomy":"category","embeddable":true,"href":"https:\/\/plazajuarez.mx\/historico\/wp-json\/wp\/v2\/categories?post=239354"},{"taxonomy":"post_tag","embeddable":true,"href":"https:\/\/plazajuarez.mx\/historico\/wp-json\/wp\/v2\/tags?post=239354"}],"curies":[{"name":"wp","href":"https:\/\/api.w.org\/{rel}","templated":true}]}}