{"id":239346,"date":"2022-11-22T14:10:03","date_gmt":"2022-11-22T20:10:03","guid":{"rendered":"https:\/\/plazajuarez.mx\/?p=239346"},"modified":"2022-11-22T14:10:26","modified_gmt":"2022-11-22T20:10:26","slug":"maiz_","status":"publish","type":"post","link":"https:\/\/plazajuarez.mx\/historico\/maiz_\/","title":{"rendered":"AMLO rechaza el ma\u00edz amarillo"},"content":{"rendered":"\n<p>Al admitir que &#8220;todav\u00eda no est\u00e1 resuelto lo del glifosato&#8221;, el presidente Andr\u00e9s Manuel L\u00f3pez Obrador advirti\u00f3 que para M\u00e9xico no se va a admitir ma\u00edz amarillo y acept\u00f3 que &#8220;s\u00ed hay presiones&#8221; de las empresas extranjeras y gobiernos extranjeros.<\/p>\n\n\n\n<p>En su conferencia ma\u00f1anera de este martes en Palacio Nacional, L\u00f3pez Obrador refiri\u00f3 que han limitado el uso del glifosato, pero no se puede cancelar &#8220;de manera tajante&#8221; porque se necesitan otras alternativas como &#8220;el que se utilice m\u00e1s el machete y la tarpala&#8221;.<\/p>\n\n\n\n<p>&#8220;Entonces este asunto todav\u00eda no est\u00e1 concluido y s\u00ed hay presiones de las empresas extranjeras, de los gobiernos extranjeros. Lo vemos con el ma\u00edz transg\u00e9nico, que quisieran que se permitiera la entrada del ma\u00edz amarillo con posibilidades de que sea ma\u00edz transg\u00e9nico para el consumo humano y eso no. Para el consumo humano, ma\u00edz blanco y estamos viendo lo del ma\u00edz amarillo, puede ser, para forraje; consumo humano no&#8221;, dijo.<\/p>\n\n\n\n<p>L\u00f3pez Obrador se\u00f1al\u00f3 que hay campa\u00f1as con miedo para difundir que &#8220;nos vamos a quedar sin ma\u00edz si no aceptamos el ma\u00edz amarillo&#8221;.<\/p>\n\n\n\n<p>&#8220;No vamos a aceptar el ma\u00edz amarillo, de una vez que se sepa&#8221;, sentenci\u00f3 el presidente L\u00f3pez Obrador al destacar una autosifienciencia en ma\u00edz blanco y frijol.<\/p>\n\n\n\n<p>El Presidente record\u00f3 que al gobierno estadounidense le inform\u00f3 que no aceptar\u00edan este ma\u00edz: &#8220;Y si los senadores est\u00e1n presionando en Estados Unidos, nada m\u00e1s que, con todo respeto, las pol\u00edticas de M\u00e9xico las decidimos en M\u00e9xico&#8221;.<\/p>\n\n\n\n<p>&#8220;Nosotros no vamos a Estados Unidos a decirle qu\u00e9 van a consumir. No vamos a decirles \u2018oigan ya no consuman hamburguesas, son mejores las tortas\u2019&#8221;, expres\u00f3 el presidente L\u00f3pez Obrador.<\/p>\n","protected":false},"excerpt":{"rendered":"<p>Al admitir que &#8220;todav\u00eda no est\u00e1 resuelto lo del glifosato&#8221;, el presidente Andr\u00e9s Manuel L\u00f3pez Obrador advirti\u00f3 que para M\u00e9xico no se va a admitir ma\u00edz amarillo y acept\u00f3 que &#8220;s\u00ed hay presiones&#8221; de las empresas extranjeras y gobiernos extranjeros. En su conferencia ma\u00f1anera de este martes en Palacio Nacional, L\u00f3pez Obrador refiri\u00f3 que han [&hellip;]<\/p>\n","protected":false},"author":81,"featured_media":239347,"comment_status":"closed","ping_status":"closed","sticky":false,"template":"","format":"standard","meta":{"footnotes":""},"categories":[36],"tags":[],"class_list":["post-239346","post","type-post","status-publish","format-standard","has-post-thumbnail","hentry","category-nacion"],"_links":{"self":[{"href":"https:\/\/plazajuarez.mx\/historico\/wp-json\/wp\/v2\/posts\/239346","targetHints":{"allow":["GET"]}}],"collection":[{"href":"https:\/\/plazajuarez.mx\/historico\/wp-json\/wp\/v2\/posts"}],"about":[{"href":"https:\/\/plazajuarez.mx\/historico\/wp-json\/wp\/v2\/types\/post"}],"author":[{"embeddable":true,"href":"https:\/\/plazajuarez.mx\/historico\/wp-json\/wp\/v2\/users\/81"}],"replies":[{"embeddable":true,"href":"https:\/\/plazajuarez.mx\/historico\/wp-json\/wp\/v2\/comments?post=239346"}],"version-history":[{"count":0,"href":"https:\/\/plazajuarez.mx\/historico\/wp-json\/wp\/v2\/posts\/239346\/revisions"}],"wp:featuredmedia":[{"embeddable":true,"href":"https:\/\/plazajuarez.mx\/historico\/wp-json\/wp\/v2\/media\/239347"}],"wp:attachment":[{"href":"https:\/\/plazajuarez.mx\/historico\/wp-json\/wp\/v2\/media?parent=239346"}],"wp:term":[{"taxonomy":"category","embeddable":true,"href":"https:\/\/plazajuarez.mx\/historico\/wp-json\/wp\/v2\/categories?post=239346"},{"taxonomy":"post_tag","embeddable":true,"href":"https:\/\/plazajuarez.mx\/historico\/wp-json\/wp\/v2\/tags?post=239346"}],"curies":[{"name":"wp","href":"https:\/\/api.w.org\/{rel}","templated":true}]}}