{"id":239343,"date":"2022-11-22T14:00:06","date_gmt":"2022-11-22T20:00:06","guid":{"rendered":"https:\/\/plazajuarez.mx\/?p=239343"},"modified":"2022-11-22T14:00:12","modified_gmt":"2022-11-22T20:00:12","slug":"sismo_","status":"publish","type":"post","link":"https:\/\/plazajuarez.mx\/historico\/sismo_\/","title":{"rendered":"Se registra sismo de 6.2 en Baja California"},"content":{"rendered":"\n<p> De acuerdo al Servicio Sismol\u00f3gico Nacional, la ma\u00f1ana de este martes 22 de noviembre se registr\u00f3 un sismo con magnitud de 6.2 en Vicente Guerrero, Baja California Sur.<\/p>\n\n\n\n<p>La Coordinaci\u00f3n Nacional de Protecci\u00f3n Civil inform\u00f3 que los integrantes del Comit\u00e9 Nacional de Emergencias est\u00e1n en camino para la evaluaci\u00f3n preliminar de la zona.<\/p>\n","protected":false},"excerpt":{"rendered":"<p>De acuerdo al Servicio Sismol\u00f3gico Nacional, la ma\u00f1ana de este martes 22 de noviembre se registr\u00f3 un sismo con magnitud de 6.2 en Vicente Guerrero, Baja California Sur. La Coordinaci\u00f3n Nacional de Protecci\u00f3n Civil inform\u00f3 que los integrantes del Comit\u00e9 Nacional de Emergencias est\u00e1n en camino para la evaluaci\u00f3n preliminar de la zona.<\/p>\n","protected":false},"author":81,"featured_media":239344,"comment_status":"closed","ping_status":"closed","sticky":false,"template":"","format":"standard","meta":{"footnotes":""},"categories":[36],"tags":[],"class_list":["post-239343","post","type-post","status-publish","format-standard","has-post-thumbnail","hentry","category-nacion"],"_links":{"self":[{"href":"https:\/\/plazajuarez.mx\/historico\/wp-json\/wp\/v2\/posts\/239343","targetHints":{"allow":["GET"]}}],"collection":[{"href":"https:\/\/plazajuarez.mx\/historico\/wp-json\/wp\/v2\/posts"}],"about":[{"href":"https:\/\/plazajuarez.mx\/historico\/wp-json\/wp\/v2\/types\/post"}],"author":[{"embeddable":true,"href":"https:\/\/plazajuarez.mx\/historico\/wp-json\/wp\/v2\/users\/81"}],"replies":[{"embeddable":true,"href":"https:\/\/plazajuarez.mx\/historico\/wp-json\/wp\/v2\/comments?post=239343"}],"version-history":[{"count":0,"href":"https:\/\/plazajuarez.mx\/historico\/wp-json\/wp\/v2\/posts\/239343\/revisions"}],"wp:featuredmedia":[{"embeddable":true,"href":"https:\/\/plazajuarez.mx\/historico\/wp-json\/wp\/v2\/media\/239344"}],"wp:attachment":[{"href":"https:\/\/plazajuarez.mx\/historico\/wp-json\/wp\/v2\/media?parent=239343"}],"wp:term":[{"taxonomy":"category","embeddable":true,"href":"https:\/\/plazajuarez.mx\/historico\/wp-json\/wp\/v2\/categories?post=239343"},{"taxonomy":"post_tag","embeddable":true,"href":"https:\/\/plazajuarez.mx\/historico\/wp-json\/wp\/v2\/tags?post=239343"}],"curies":[{"name":"wp","href":"https:\/\/api.w.org\/{rel}","templated":true}]}}