{"id":239337,"date":"2022-11-22T13:45:14","date_gmt":"2022-11-22T19:45:14","guid":{"rendered":"https:\/\/plazajuarez.mx\/?p=239337"},"modified":"2022-11-22T13:45:19","modified_gmt":"2022-11-22T19:45:19","slug":"carne_asada","status":"publish","type":"post","link":"https:\/\/plazajuarez.mx\/historico\/carne_asada\/","title":{"rendered":"Arman carne asada en Plaza Fundadores de SLP para ver a M\u00e9xico"},"content":{"rendered":"\n<p>\u00a1Se arm\u00f3 la carnita asada!, as\u00ed es como aficionados al futbol, pusieron un asador en la explanada de Plaza Fundadores en San Luis Potos\u00ed para poder disfrutar del primer partido de M\u00e9xico contra Polonia.<\/p>\n\n\n\n<p>En un clip de video que circula en redes sociales se puede ver a varios j\u00f3venes preparar carb\u00f3n, mientras de fondo se oyen las pantallas gigantes con el juego de la Selecci\u00f3n Mexicana en el Mundial Qatar 2022.<\/p>\n\n\n\n<p>El gobierno de San Luis Potos\u00ed coloc\u00f3 las pantallas para disfrutar los juegos del mundial de futbol, principalmente los de M\u00e9xico, las cuales miden 10 metros de largo por 5.5 metros de alto, enmarcada en una porter\u00eda con dise\u00f1o gr\u00e1fico alusivo al evento, sillas y \u00e1reas de destrezas para el p\u00fablico asistente.<\/p>\n","protected":false},"excerpt":{"rendered":"<p>\u00a1Se arm\u00f3 la carnita asada!, as\u00ed es como aficionados al futbol, pusieron un asador en la explanada de Plaza Fundadores en San Luis Potos\u00ed para poder disfrutar del primer partido de M\u00e9xico contra Polonia. En un clip de video que circula en redes sociales se puede ver a varios j\u00f3venes preparar carb\u00f3n, mientras de fondo [&hellip;]<\/p>\n","protected":false},"author":81,"featured_media":239338,"comment_status":"closed","ping_status":"closed","sticky":false,"template":"","format":"standard","meta":{"footnotes":""},"categories":[39,2163],"tags":[],"class_list":["post-239337","post","type-post","status-publish","format-standard","has-post-thumbnail","hentry","category-deportiva","category-noticias-de-slp"],"_links":{"self":[{"href":"https:\/\/plazajuarez.mx\/historico\/wp-json\/wp\/v2\/posts\/239337","targetHints":{"allow":["GET"]}}],"collection":[{"href":"https:\/\/plazajuarez.mx\/historico\/wp-json\/wp\/v2\/posts"}],"about":[{"href":"https:\/\/plazajuarez.mx\/historico\/wp-json\/wp\/v2\/types\/post"}],"author":[{"embeddable":true,"href":"https:\/\/plazajuarez.mx\/historico\/wp-json\/wp\/v2\/users\/81"}],"replies":[{"embeddable":true,"href":"https:\/\/plazajuarez.mx\/historico\/wp-json\/wp\/v2\/comments?post=239337"}],"version-history":[{"count":0,"href":"https:\/\/plazajuarez.mx\/historico\/wp-json\/wp\/v2\/posts\/239337\/revisions"}],"wp:featuredmedia":[{"embeddable":true,"href":"https:\/\/plazajuarez.mx\/historico\/wp-json\/wp\/v2\/media\/239338"}],"wp:attachment":[{"href":"https:\/\/plazajuarez.mx\/historico\/wp-json\/wp\/v2\/media?parent=239337"}],"wp:term":[{"taxonomy":"category","embeddable":true,"href":"https:\/\/plazajuarez.mx\/historico\/wp-json\/wp\/v2\/categories?post=239337"},{"taxonomy":"post_tag","embeddable":true,"href":"https:\/\/plazajuarez.mx\/historico\/wp-json\/wp\/v2\/tags?post=239337"}],"curies":[{"name":"wp","href":"https:\/\/api.w.org\/{rel}","templated":true}]}}