{"id":239258,"date":"2022-11-22T10:02:00","date_gmt":"2022-11-22T16:02:00","guid":{"rendered":"https:\/\/plazajuarez.mx\/?p=239258"},"modified":"2022-11-22T12:18:31","modified_gmt":"2022-11-22T18:18:31","slug":"kabah-rechazo-invitacion-para-cantar-en-el-mundial","status":"publish","type":"post","link":"https:\/\/plazajuarez.mx\/historico\/kabah-rechazo-invitacion-para-cantar-en-el-mundial\/","title":{"rendered":"Kabah rechaz\u00f3 invitaci\u00f3n para cantar en el Mundial"},"content":{"rendered":"\n<p>A trav\u00e9s de un comunicado que compartieron en redes sociales, Kabah dio a conocer que se uni\u00f3 a la larga lista de famosos que han rechazado presentarse en los diferentes espacios musicales del mundial de Qatar 2022.<\/p>\n\n\n\n<p>Sin dar muchos detalles al respecto, la agrupaci\u00f3n revel\u00f3 que ten\u00edan programado un show el pr\u00f3ximo 28 de noviembre; sin embargo decidieron declinar la invitaci\u00f3n por no compartir algunos usos y costumbres de la naci\u00f3n sede, entre ellos la homofobia y la falta de derechos humanos.<\/p>\n\n\n\n<p>Asimismo, aclararon que aunque respetan la cultura de este pa\u00eds, prefieren seguir con sus convicciones y defender los valores e ideales en los que creen y por los que se ha luchado durante mucho tiempo: &#8220;Todos tenemos el coraz\u00f3n del mismo lado, esa es y ha sido la bandera de KABAH, aunado al respeto y la inclusi\u00f3n&#8221;, agregaron.<\/p>\n\n\n\n<p>Por \u00faltimo, agradecieron a quienes confiaron en ellos y pidieron a sus fans comprensi\u00f3n. Como era de esperarse las reacciones de los usuarios no tardaron en llegar y la gran mayor\u00eda los felicit\u00f3 por ser congruentes con sus acciones y su manera de pensar.<\/p>\n","protected":false},"excerpt":{"rendered":"<p>A trav\u00e9s de un comunicado que compartieron en redes sociales, Kabah dio a conocer que se uni\u00f3 a la larga lista de famosos que han rechazado presentarse en los diferentes espacios musicales del mundial de Qatar 2022. Sin dar muchos detalles al respecto, la agrupaci\u00f3n revel\u00f3 que ten\u00edan programado un show el pr\u00f3ximo 28 de [&hellip;]<\/p>\n","protected":false},"author":81,"featured_media":239303,"comment_status":"closed","ping_status":"closed","sticky":false,"template":"","format":"standard","meta":{"footnotes":""},"categories":[38,2166],"tags":[],"class_list":["post-239258","post","type-post","status-publish","format-standard","has-post-thumbnail","hentry","category-show","category-viral"],"_links":{"self":[{"href":"https:\/\/plazajuarez.mx\/historico\/wp-json\/wp\/v2\/posts\/239258","targetHints":{"allow":["GET"]}}],"collection":[{"href":"https:\/\/plazajuarez.mx\/historico\/wp-json\/wp\/v2\/posts"}],"about":[{"href":"https:\/\/plazajuarez.mx\/historico\/wp-json\/wp\/v2\/types\/post"}],"author":[{"embeddable":true,"href":"https:\/\/plazajuarez.mx\/historico\/wp-json\/wp\/v2\/users\/81"}],"replies":[{"embeddable":true,"href":"https:\/\/plazajuarez.mx\/historico\/wp-json\/wp\/v2\/comments?post=239258"}],"version-history":[{"count":0,"href":"https:\/\/plazajuarez.mx\/historico\/wp-json\/wp\/v2\/posts\/239258\/revisions"}],"wp:featuredmedia":[{"embeddable":true,"href":"https:\/\/plazajuarez.mx\/historico\/wp-json\/wp\/v2\/media\/239303"}],"wp:attachment":[{"href":"https:\/\/plazajuarez.mx\/historico\/wp-json\/wp\/v2\/media?parent=239258"}],"wp:term":[{"taxonomy":"category","embeddable":true,"href":"https:\/\/plazajuarez.mx\/historico\/wp-json\/wp\/v2\/categories?post=239258"},{"taxonomy":"post_tag","embeddable":true,"href":"https:\/\/plazajuarez.mx\/historico\/wp-json\/wp\/v2\/tags?post=239258"}],"curies":[{"name":"wp","href":"https:\/\/api.w.org\/{rel}","templated":true}]}}