{"id":239249,"date":"2022-11-22T08:27:38","date_gmt":"2022-11-22T14:27:38","guid":{"rendered":"https:\/\/plazajuarez.mx\/?p=239249"},"modified":"2022-11-22T08:27:45","modified_gmt":"2022-11-22T14:27:45","slug":"grupos-indigenas-recibiran-recursos-para-proyectos","status":"publish","type":"post","link":"https:\/\/plazajuarez.mx\/historico\/grupos-indigenas-recibiran-recursos-para-proyectos\/","title":{"rendered":"Grupos ind\u00edgenas recibir\u00e1n recursos para proyectos"},"content":{"rendered":"\n<p>Beatriz Manzano Nava, directora de Atenci\u00f3n a Pueblos, Comunidades y Poblaci\u00f3n Ind\u00edgena en Tulancingo inform\u00f3 que, tras una evaluaci\u00f3n exhaustiva, la secretar\u00eda de Cultura eligi\u00f3 a dos grupos ind\u00edgenas de Santa Ana Hueytlalpan como beneficiarios de incentivo econ\u00f3mico PACMYC 2022,&nbsp; para poner en marcha proyectos que fortalezcan la identidad, as\u00ed como los usos y costumbres.<\/p>\n\n\n\n<p>El ingreso de proyectos ante el Programa de Acciones Culturales, multiling\u00fces y Comunitarias PACMYC fue en marzo de este a\u00f1o.&nbsp;&nbsp;<\/p>\n\n\n\n<p>Los grupos ind\u00edgenas elegidos dentro de PACMYC son de Santa Ana Hueytlalpan y por los dos proyectos aprobados se hace un global de apoyo por 81 mil 445 pesos.<\/p>\n\n\n\n<p>Cabe mencionar que ya se cuenta con el oficio de notificaci\u00f3n por parte de la Secretar\u00eda de Cultura y se est\u00e1 a la espera de que la dependencia estatal fije&nbsp; fecha y hora para la entrega del recurso monetario.<\/p>\n\n\n\n<p>Los representantes de los grupos ind\u00edgenas que pondr\u00e1n en marcha proyectos de PACMYC 2022 son: Flora Morales Baltazar, en telar de cintura, con \u201cHerencia de la sabidur\u00eda en la conservaci\u00f3n del te\u00f1ido, tejidos y bordados tradicionales ancestrales otom\u00edes\u201d, y Crist\u00f3bal Fidencio Ortega con &#8220;La Bella Rosa, Ritual de los oratorios y lugares sagrados&#8221;.<\/p>\n","protected":false},"excerpt":{"rendered":"<p>Beatriz Manzano Nava, directora de Atenci\u00f3n a Pueblos, Comunidades y Poblaci\u00f3n Ind\u00edgena en Tulancingo inform\u00f3 que, tras una evaluaci\u00f3n exhaustiva, la secretar\u00eda de Cultura eligi\u00f3 a dos grupos ind\u00edgenas de Santa Ana Hueytlalpan como beneficiarios de incentivo econ\u00f3mico PACMYC 2022,&nbsp; para poner en marcha proyectos que fortalezcan la identidad, as\u00ed como los usos y costumbres. [&hellip;]<\/p>\n","protected":false},"author":93,"featured_media":239250,"comment_status":"closed","ping_status":"closed","sticky":false,"template":"","format":"standard","meta":{"footnotes":""},"categories":[2159,40],"tags":[],"class_list":["post-239249","post","type-post","status-publish","format-standard","has-post-thumbnail","hentry","category-noticias-de-hidalgo","category-region"],"_links":{"self":[{"href":"https:\/\/plazajuarez.mx\/historico\/wp-json\/wp\/v2\/posts\/239249","targetHints":{"allow":["GET"]}}],"collection":[{"href":"https:\/\/plazajuarez.mx\/historico\/wp-json\/wp\/v2\/posts"}],"about":[{"href":"https:\/\/plazajuarez.mx\/historico\/wp-json\/wp\/v2\/types\/post"}],"author":[{"embeddable":true,"href":"https:\/\/plazajuarez.mx\/historico\/wp-json\/wp\/v2\/users\/93"}],"replies":[{"embeddable":true,"href":"https:\/\/plazajuarez.mx\/historico\/wp-json\/wp\/v2\/comments?post=239249"}],"version-history":[{"count":0,"href":"https:\/\/plazajuarez.mx\/historico\/wp-json\/wp\/v2\/posts\/239249\/revisions"}],"wp:featuredmedia":[{"embeddable":true,"href":"https:\/\/plazajuarez.mx\/historico\/wp-json\/wp\/v2\/media\/239250"}],"wp:attachment":[{"href":"https:\/\/plazajuarez.mx\/historico\/wp-json\/wp\/v2\/media?parent=239249"}],"wp:term":[{"taxonomy":"category","embeddable":true,"href":"https:\/\/plazajuarez.mx\/historico\/wp-json\/wp\/v2\/categories?post=239249"},{"taxonomy":"post_tag","embeddable":true,"href":"https:\/\/plazajuarez.mx\/historico\/wp-json\/wp\/v2\/tags?post=239249"}],"curies":[{"name":"wp","href":"https:\/\/api.w.org\/{rel}","templated":true}]}}