{"id":23924,"date":"2016-06-30T11:33:12","date_gmt":"2016-06-30T11:33:12","guid":{"rendered":"http:\/\/plazajuarez.mx\/index\/index.php\/2016\/06\/30\/queremos-llegar-a-la-verdad-en-nochixtlan\/"},"modified":"2016-06-30T11:33:12","modified_gmt":"2016-06-30T11:33:12","slug":"queremos-llegar-a-la-verdad-en-nochixtlan","status":"publish","type":"post","link":"https:\/\/plazajuarez.mx\/historico\/queremos-llegar-a-la-verdad-en-nochixtlan\/","title":{"rendered":"&#8220;Queremos llegar a la verdad en Nochixtl\u00e1n&#8221;"},"content":{"rendered":"<p>Asegura el Secretario de Gobernaci\u00f3n<\/p>\n<p>  <!--more-->  <\/p>\n<p>El secretario de Gobernaci\u00f3n, Miguel \u00c1ngel Osorio Chong, asegur\u00f3 que en esa dependencia quieren llegar a la verdad en los hechos en Nochixtl\u00e1n, ocurridos el 19 de junio cuando 8 personas murieron en ese lugar en Oaxaca durante un enfrentamiento con la Polic\u00eda Federal. <br \/>Inform\u00f3 que la investigaci\u00f3n del caso corre a cargo de la Fiscal\u00eda de Oaxaca, que es aut\u00f3noma, y que en \u00e9sta participa la CNDH. &#8220;Estos hechos nos ponen una alerta de c\u00f3mo realizar estos protocolos: con observadores, sin armas, con el mandato de la ley&#8230;&#8221;, reflexion\u00f3 el pol\u00edtico, quien asegura que su dependencia jam\u00e1s utilizar\u00eda la violencia como m\u00e9todo. <br \/>Osorio asegur\u00f3 que hay grupos que nada tienen que ver con la educaci\u00f3n -ajenos a la CNTE- que podr\u00edan estar aprovechando la crisis por el conflicto magisterial y cit\u00f3 el ejemplo de Chiapas, en el que individuos ajenos a la CNTE humillaron a profesores. <br \/>En entrevista radiof\u00f3nica, el funcionario federal conden\u00f3 los actos de violencia y dijo que \u00e9stos nada tienen que ver con el hecho de que la poblaci\u00f3n pueda estar &#8220;dividida&#8221; \u2014entre los que apoyan a los profesores disidentes y los que exigen que las condiciones de normalidad regresen\u2014. <\/p>\n","protected":false},"excerpt":{"rendered":"<p>Asegura el Secretario de Gobernaci\u00f3n<\/p>\n","protected":false},"author":93,"featured_media":0,"comment_status":"open","ping_status":"open","sticky":false,"template":"","format":"standard","meta":{"footnotes":""},"categories":[36],"tags":[],"class_list":["post-23924","post","type-post","status-publish","format-standard","hentry","category-nacion"],"_links":{"self":[{"href":"https:\/\/plazajuarez.mx\/historico\/wp-json\/wp\/v2\/posts\/23924","targetHints":{"allow":["GET"]}}],"collection":[{"href":"https:\/\/plazajuarez.mx\/historico\/wp-json\/wp\/v2\/posts"}],"about":[{"href":"https:\/\/plazajuarez.mx\/historico\/wp-json\/wp\/v2\/types\/post"}],"author":[{"embeddable":true,"href":"https:\/\/plazajuarez.mx\/historico\/wp-json\/wp\/v2\/users\/93"}],"replies":[{"embeddable":true,"href":"https:\/\/plazajuarez.mx\/historico\/wp-json\/wp\/v2\/comments?post=23924"}],"version-history":[{"count":0,"href":"https:\/\/plazajuarez.mx\/historico\/wp-json\/wp\/v2\/posts\/23924\/revisions"}],"wp:attachment":[{"href":"https:\/\/plazajuarez.mx\/historico\/wp-json\/wp\/v2\/media?parent=23924"}],"wp:term":[{"taxonomy":"category","embeddable":true,"href":"https:\/\/plazajuarez.mx\/historico\/wp-json\/wp\/v2\/categories?post=23924"},{"taxonomy":"post_tag","embeddable":true,"href":"https:\/\/plazajuarez.mx\/historico\/wp-json\/wp\/v2\/tags?post=23924"}],"curies":[{"name":"wp","href":"https:\/\/api.w.org\/{rel}","templated":true}]}}