{"id":23923,"date":"2016-06-30T11:33:00","date_gmt":"2016-06-30T11:33:00","guid":{"rendered":"http:\/\/plazajuarez.mx\/index\/index.php\/2016\/06\/30\/subiran-en-julio-las-gasolinas-diesel-sin-aumento\/"},"modified":"2016-06-30T11:33:00","modified_gmt":"2016-06-30T11:33:00","slug":"subiran-en-julio-las-gasolinas-diesel-sin-aumento","status":"publish","type":"post","link":"https:\/\/plazajuarez.mx\/historico\/subiran-en-julio-las-gasolinas-diesel-sin-aumento\/","title":{"rendered":"Subir\u00e1n en julio las gasolinas; di\u00e9sel, sin aumento"},"content":{"rendered":"<p>La Secretar\u00eda de Hacienda anunci\u00f3 una nueva alza en los precios de la gasolina y el di\u00e9sel, aplicables a partir del mes de julio.<\/p>\n<p>  <!--more-->  <\/p>\n<p>La gasolina Magna tendr\u00e1 su primer aumento en lo que va del a\u00f1o, para quedar en 13.40 pesos por litro (un aumento de 24 centavos) y la Premium costar\u00e1 14.37 pesos por litro (34 centavos m\u00e1s), mientras que el costo del di\u00e9sel se mantendr\u00e1 sin cambios (13.77 pesos por litro).<br \/>El motivo del incremento en los precios es la recuperaci\u00f3n reciente en el costo del crudo, adem\u00e1s de la estacionalidad que \u201ct\u00edpicamente se observa en los precios internacionales de las gasolinas\u201d, inform\u00f3 Hacienda.<\/p>\n","protected":false},"excerpt":{"rendered":"<p>La Secretar\u00eda de Hacienda anunci\u00f3 una nueva alza en los precios de la gasolina y el di\u00e9sel, aplicables a partir del mes de julio.<\/p>\n","protected":false},"author":93,"featured_media":0,"comment_status":"open","ping_status":"open","sticky":false,"template":"","format":"standard","meta":{"footnotes":""},"categories":[36],"tags":[],"class_list":["post-23923","post","type-post","status-publish","format-standard","hentry","category-nacion"],"_links":{"self":[{"href":"https:\/\/plazajuarez.mx\/historico\/wp-json\/wp\/v2\/posts\/23923","targetHints":{"allow":["GET"]}}],"collection":[{"href":"https:\/\/plazajuarez.mx\/historico\/wp-json\/wp\/v2\/posts"}],"about":[{"href":"https:\/\/plazajuarez.mx\/historico\/wp-json\/wp\/v2\/types\/post"}],"author":[{"embeddable":true,"href":"https:\/\/plazajuarez.mx\/historico\/wp-json\/wp\/v2\/users\/93"}],"replies":[{"embeddable":true,"href":"https:\/\/plazajuarez.mx\/historico\/wp-json\/wp\/v2\/comments?post=23923"}],"version-history":[{"count":0,"href":"https:\/\/plazajuarez.mx\/historico\/wp-json\/wp\/v2\/posts\/23923\/revisions"}],"wp:attachment":[{"href":"https:\/\/plazajuarez.mx\/historico\/wp-json\/wp\/v2\/media?parent=23923"}],"wp:term":[{"taxonomy":"category","embeddable":true,"href":"https:\/\/plazajuarez.mx\/historico\/wp-json\/wp\/v2\/categories?post=23923"},{"taxonomy":"post_tag","embeddable":true,"href":"https:\/\/plazajuarez.mx\/historico\/wp-json\/wp\/v2\/tags?post=23923"}],"curies":[{"name":"wp","href":"https:\/\/api.w.org\/{rel}","templated":true}]}}