{"id":23922,"date":"2016-06-30T11:32:40","date_gmt":"2016-06-30T11:32:40","guid":{"rendered":"http:\/\/plazajuarez.mx\/index\/index.php\/2016\/06\/30\/acuerdan-obama-y-pena-mayor-colaboracion-sobre-narcotrafico\/"},"modified":"2016-06-30T11:32:40","modified_gmt":"2016-06-30T11:32:40","slug":"acuerdan-obama-y-pena-mayor-colaboracion-sobre-narcotrafico","status":"publish","type":"post","link":"https:\/\/plazajuarez.mx\/historico\/acuerdan-obama-y-pena-mayor-colaboracion-sobre-narcotrafico\/","title":{"rendered":"Acuerdan Obama y Pe\u00f1a mayor colaboraci\u00f3n sobre &#8216;narcotr\u00e1fico&#8217;"},"content":{"rendered":"<p>Condenan los ataques en Turqu\u00eda<\/p>\n<p>  <!--more-->  <\/p>\n<p>Pe\u00f1a dijo haber recibido invitaci\u00f3n del jefe de la Casa Blanca para visitar su pa\u00eds antes de que concluya la actual administraci\u00f3n estadunidense, en enero pr\u00f3ximo.<br \/>Ottawa.- Luego de condenar los ataques al aeropuerto de Estambul que costaron decenas de v\u00edctimas mortales, los presidentes Enrique Pe\u00f1a Nieto y Barack Obama de Estados Unidos coincidieron en la necesidad de los dos pa\u00edses por colaborar m\u00e1s en temas como el tr\u00e1fico de drogas.<br \/>El presidente Pe\u00f1a dijo que acordaron enfocarse particularmente en el creciente tr\u00e1fico de hero\u00edna hacia el pa\u00eds del norte, sobre todo compartiendo informaci\u00f3n respecto al aumento de la producci\u00f3n de este enervante.<br \/>Luego de la reuni\u00f3n bilateral de ambos mandatarios, en el marco de la Cumbre de L\u00edderes de Am\u00e9rica del Norte, hicieron declaraciones a la prensa donde el tema del combate a las drogas fue uno de los centrales.<br \/>Ah\u00ed, el mandatario mexicano dijo haber reconocido y expresado su agradecimiento a Obama &#8221;por atender temas comunes&#8221; en materia econ\u00f3mica, comercial, sobre seguridad y cooperaci\u00f3n.<\/p>\n","protected":false},"excerpt":{"rendered":"<p>Condenan los ataques en Turqu\u00eda<\/p>\n","protected":false},"author":93,"featured_media":0,"comment_status":"open","ping_status":"open","sticky":false,"template":"","format":"standard","meta":{"footnotes":""},"categories":[36],"tags":[],"class_list":["post-23922","post","type-post","status-publish","format-standard","hentry","category-nacion"],"_links":{"self":[{"href":"https:\/\/plazajuarez.mx\/historico\/wp-json\/wp\/v2\/posts\/23922","targetHints":{"allow":["GET"]}}],"collection":[{"href":"https:\/\/plazajuarez.mx\/historico\/wp-json\/wp\/v2\/posts"}],"about":[{"href":"https:\/\/plazajuarez.mx\/historico\/wp-json\/wp\/v2\/types\/post"}],"author":[{"embeddable":true,"href":"https:\/\/plazajuarez.mx\/historico\/wp-json\/wp\/v2\/users\/93"}],"replies":[{"embeddable":true,"href":"https:\/\/plazajuarez.mx\/historico\/wp-json\/wp\/v2\/comments?post=23922"}],"version-history":[{"count":0,"href":"https:\/\/plazajuarez.mx\/historico\/wp-json\/wp\/v2\/posts\/23922\/revisions"}],"wp:attachment":[{"href":"https:\/\/plazajuarez.mx\/historico\/wp-json\/wp\/v2\/media?parent=23922"}],"wp:term":[{"taxonomy":"category","embeddable":true,"href":"https:\/\/plazajuarez.mx\/historico\/wp-json\/wp\/v2\/categories?post=23922"},{"taxonomy":"post_tag","embeddable":true,"href":"https:\/\/plazajuarez.mx\/historico\/wp-json\/wp\/v2\/tags?post=23922"}],"curies":[{"name":"wp","href":"https:\/\/api.w.org\/{rel}","templated":true}]}}