{"id":23921,"date":"2016-06-30T11:32:21","date_gmt":"2016-06-30T11:32:21","guid":{"rendered":"http:\/\/plazajuarez.mx\/index\/index.php\/2016\/06\/30\/reaparecen-nuno-y-osorio-juntos\/"},"modified":"2016-06-30T11:32:21","modified_gmt":"2016-06-30T11:32:21","slug":"reaparecen-nuno-y-osorio-juntos","status":"publish","type":"post","link":"https:\/\/plazajuarez.mx\/historico\/reaparecen-nuno-y-osorio-juntos\/","title":{"rendered":"Reaparecen Nu\u00f1o y Osorio juntos"},"content":{"rendered":"<p>Despu\u00e9s del di\u00e1logo que sostuvo Osorio con la CNTE<\/p>\n<p>  <!--more-->  <\/p>\n<p>Los titulares de las secretar\u00edas de Gobernaci\u00f3n, Miguel \u00c1ngel Osorio Chong, y de Educaci\u00f3n P\u00fablica, Aurelio Nu\u00f1o Mayer, reaparecieron juntos esta semana despu\u00e9s del segundo di\u00e1logo que sostuvo Osorio Chong con los integrantes de la CNTE, el lunes pasado. <br \/>Ambos funcionarios firmaron el acuerdo para erradicar la violencia contra ni\u00f1as y j\u00f3venes en las escuelas. <br \/>Al inicio de su discurso, Nu\u00f1o Mayer (quien habl\u00f3 primero) reconoci\u00f3 al ex gobernador hidalguense como &#8220;su amigo&#8221; y por el inter\u00e9s que ha mostrado por la Educaci\u00f3n en el pa\u00eds. Osorio Chong, en cambio, le dio la bienvenida al &#8220;secretario&#8221; a las instalaciones del Palacio de Cobi\u00e1n. <br \/>En las \u00faltimas dos semanas, se han celebrado en la Secretar\u00eda de Gobernaci\u00f3n las mesas de di\u00e1logo para terminar con el conflicto magisterial en el pa\u00eds y distender la situaci\u00f3n de violencia que se ha generado -principalmente en Oaxaca y Chiapas- por las protestas contra la reforma educativa. <br \/>Las mesas han sido encabezadas por el titular de Gobernaci\u00f3n; cuya postura es distender el conflicto pol\u00edtico, mientras que la Coordinadora exige la abrogaci\u00f3n de la reforma, tema que ha sido central en la discusi\u00f3n de las \u00faltimas dos reuniones.<\/p>\n","protected":false},"excerpt":{"rendered":"<p>Despu\u00e9s del di\u00e1logo que sostuvo Osorio con la CNTE<\/p>\n","protected":false},"author":93,"featured_media":0,"comment_status":"open","ping_status":"open","sticky":false,"template":"","format":"standard","meta":{"footnotes":""},"categories":[36],"tags":[],"class_list":["post-23921","post","type-post","status-publish","format-standard","hentry","category-nacion"],"_links":{"self":[{"href":"https:\/\/plazajuarez.mx\/historico\/wp-json\/wp\/v2\/posts\/23921","targetHints":{"allow":["GET"]}}],"collection":[{"href":"https:\/\/plazajuarez.mx\/historico\/wp-json\/wp\/v2\/posts"}],"about":[{"href":"https:\/\/plazajuarez.mx\/historico\/wp-json\/wp\/v2\/types\/post"}],"author":[{"embeddable":true,"href":"https:\/\/plazajuarez.mx\/historico\/wp-json\/wp\/v2\/users\/93"}],"replies":[{"embeddable":true,"href":"https:\/\/plazajuarez.mx\/historico\/wp-json\/wp\/v2\/comments?post=23921"}],"version-history":[{"count":0,"href":"https:\/\/plazajuarez.mx\/historico\/wp-json\/wp\/v2\/posts\/23921\/revisions"}],"wp:attachment":[{"href":"https:\/\/plazajuarez.mx\/historico\/wp-json\/wp\/v2\/media?parent=23921"}],"wp:term":[{"taxonomy":"category","embeddable":true,"href":"https:\/\/plazajuarez.mx\/historico\/wp-json\/wp\/v2\/categories?post=23921"},{"taxonomy":"post_tag","embeddable":true,"href":"https:\/\/plazajuarez.mx\/historico\/wp-json\/wp\/v2\/tags?post=23921"}],"curies":[{"name":"wp","href":"https:\/\/api.w.org\/{rel}","templated":true}]}}