{"id":239206,"date":"2022-11-22T08:02:13","date_gmt":"2022-11-22T14:02:13","guid":{"rendered":"https:\/\/plazajuarez.mx\/?p=239206"},"modified":"2022-11-22T08:02:21","modified_gmt":"2022-11-22T14:02:21","slug":"luchan-con-todo-en-el-pri-hidalgo","status":"publish","type":"post","link":"https:\/\/plazajuarez.mx\/historico\/luchan-con-todo-en-el-pri-hidalgo\/","title":{"rendered":"Luchan con todo en el PRI Hidalgo"},"content":{"rendered":"\n<h2 class=\"wp-block-heading\"><em>ALFIL NEGRO<\/em><\/h2>\n\n\n\n<p>En el Club de F\u00fatbol Toluca por 1966, hubo un jugador extraordinario de Brasil de nombre AMAURY EPAMINONDAS, que maravillaba a todos por sus cualidades para este deporte y que pasado el tiempo no era ni la sombra de lo que fue en sus tiempos de gloria y que provoc\u00f3 en FERNANDO MARCOS, una frase que es aplicable para muchas realidades de la vida: \u201c\u00a1QUI\u00c9N TE VIO Y QUI\u00c9N TE VE AHORA, AMAURY EPAMINONDAS!\u201d.<\/p>\n\n\n\n<p>La frase, en la pol\u00edtica del estado, le queda como dice el due\u00f1o del micr\u00f3fono \u201cCOMO ANILLO AL DEDO\u201d, al PRI HIDALGO.<\/p>\n\n\n\n<p>Partido todopoderoso por 93 a\u00f1os, fue amo y se\u00f1or de todo lo que pasaba en nuestro estado, porque ten\u00eda el Poder Ejecutivo en sus manos, con todo lo que esto significaba en todos los \u00f3rdenes de la vida de Hidalgo, particularmente en lo referente a la cuesti\u00f3n econ\u00f3mica que benefici\u00f3 a muchos, que por sexenios tuvieron en su poder cargos importantes, que los convirtieron en gentes de muchos recursos y fuentes de empleos y favores a sus amigos y protegidos.<\/p>\n\n\n\n<p>Pero como dice la canci\u00f3n MUY DESPACITO. de Jos\u00e9 Alfredo Jim\u00e9nez: \u201cpero todo, todo se acaba, la dicha grande tambi\u00e9n se va\u201d, y fue lo que le pas\u00f3 al PRI HIDALGO, que en la \u00faltima elecci\u00f3n para gobernador, sufri\u00f3 una derrota hist\u00f3rica de la que no acaba de reponerse, porque no ha tenido en sus protagonistas la humildad de aceptar que si perdieron es por su culpa, principalmente por actitudes de soberbia y perdonavidas, y ni se diga de abusos e imposiciones en contra de la voluntad de los priistas de a deveras del estado.<\/p>\n\n\n\n<p>Lo peor del asunto es que no se ve que recompongan el camino, y s\u00ed por el contrario lo que se contempla es la radicalizaci\u00f3n de actitudes, sobre todo de quienes tienen el poder en el partido a nivel nacional, que en lo referente a nuestra entidad pretenden o ya decidieron que aqu\u00ed mandan ellos y se hace su voluntad, por una raz\u00f3n fundamental \u201cporque ellos tienen en este momento el poder y basta\u201d.<\/p>\n\n\n\n<p>El caso de los consejeros pol\u00edticos elegidos por lo que se sabe conforme a lo que marcaba la convocatoria y que le daba la victoria al grupo de Fayad, y luego descalificados por el CEN PRIISTA con argumentos muy pobres, da una idea de lo fuerte que est\u00e1 la pelea entre los priistas que apoyan a Fayad y la actitud de la dirigencia nacional que ha provocado que el PRI HIDALGO est\u00e9 con una imagen terrible por falta de unidad, y por todo lo que se decide en M\u00e9xico sin atender lo que digan o pidan los tricolores estatales.<\/p>\n\n\n\n<p>Es el mismo camino que se sigui\u00f3 cuando la candidatura para el gobierno del estado que dio como resultado un enfrentamiento entre ALITO Y FAYAD, que en nada benefici\u00f3 al proceso electoral del PRI, que al final dobl\u00f3 las manos ante Morena que logr\u00f3 la alternancia y que el PRI tuviera que dejar Palacio de Gobierno, porque de acuerdo al voto ciudadano ya no eran necesarios sus servicios.<\/p>\n\n\n\n<p>Lo m\u00e1s fuerte del caso en cuanto a la militancia, es que algunos distinguidos priistas van teniendo actitudes por lo menos raras, pues dan la impresi\u00f3n de olvidar compromisos y casi lealtades, lo que es muy delicado, porque la lealtad es uno de los valores m\u00e1s fuertes de cualquiera que se dedique a la pol\u00edtica.<\/p>\n\n\n\n<p>Falta todav\u00eda mucho camino por recorrer, pero por lo que se ve el fondo del asunto ser\u00e1 la lucha por la elecci\u00f3n de junio del 2024, y el deseo del grupo en el poder priista de ser ellos los que decidan c\u00f3mo se reparte el pastel de las candidaturas, donde se pretende imponer a familiares, amigos y conocidos, si no pasa antes algo muy fuerte como puede ser una rebeli\u00f3n de los tricolores del estado y del pa\u00eds.<\/p>\n\n\n\n<p>La lucha va a seguir ya lo ver\u00e1 usted, y los tribunales pueden cambiar muchas cosas pero se ve dif\u00edcil.<\/p>\n\n\n\n<p><strong>Aunque\u2026 qui\u00e9n sabe.<\/strong><\/p>\n","protected":false},"excerpt":{"rendered":"<p>ALFIL NEGRO En el Club de F\u00fatbol Toluca por 1966, hubo un jugador extraordinario de Brasil de nombre AMAURY EPAMINONDAS, que maravillaba a todos por sus cualidades para este deporte y que pasado el tiempo no era ni la sombra de lo que fue en sus tiempos de gloria y que provoc\u00f3 en FERNANDO MARCOS, [&hellip;]<\/p>\n","protected":false},"author":83,"featured_media":234680,"comment_status":"closed","ping_status":"closed","sticky":false,"template":"","format":"standard","meta":{"footnotes":""},"categories":[48,42],"tags":[],"class_list":["post-239206","post","type-post","status-publish","format-standard","has-post-thumbnail","hentry","category-adalberto-peralta","category-nuestrapalabra"],"_links":{"self":[{"href":"https:\/\/plazajuarez.mx\/historico\/wp-json\/wp\/v2\/posts\/239206","targetHints":{"allow":["GET"]}}],"collection":[{"href":"https:\/\/plazajuarez.mx\/historico\/wp-json\/wp\/v2\/posts"}],"about":[{"href":"https:\/\/plazajuarez.mx\/historico\/wp-json\/wp\/v2\/types\/post"}],"author":[{"embeddable":true,"href":"https:\/\/plazajuarez.mx\/historico\/wp-json\/wp\/v2\/users\/83"}],"replies":[{"embeddable":true,"href":"https:\/\/plazajuarez.mx\/historico\/wp-json\/wp\/v2\/comments?post=239206"}],"version-history":[{"count":0,"href":"https:\/\/plazajuarez.mx\/historico\/wp-json\/wp\/v2\/posts\/239206\/revisions"}],"wp:featuredmedia":[{"embeddable":true,"href":"https:\/\/plazajuarez.mx\/historico\/wp-json\/wp\/v2\/media\/234680"}],"wp:attachment":[{"href":"https:\/\/plazajuarez.mx\/historico\/wp-json\/wp\/v2\/media?parent=239206"}],"wp:term":[{"taxonomy":"category","embeddable":true,"href":"https:\/\/plazajuarez.mx\/historico\/wp-json\/wp\/v2\/categories?post=239206"},{"taxonomy":"post_tag","embeddable":true,"href":"https:\/\/plazajuarez.mx\/historico\/wp-json\/wp\/v2\/tags?post=239206"}],"curies":[{"name":"wp","href":"https:\/\/api.w.org\/{rel}","templated":true}]}}