{"id":23920,"date":"2016-06-30T11:31:16","date_gmt":"2016-06-30T11:31:16","guid":{"rendered":"http:\/\/plazajuarez.mx\/index\/index.php\/2016\/06\/30\/se-desbloquearan-vias-en-oaxaca-si-falla-dialogo\/"},"modified":"2016-06-30T11:31:16","modified_gmt":"2016-06-30T11:31:16","slug":"se-desbloquearan-vias-en-oaxaca-si-falla-dialogo","status":"publish","type":"post","link":"https:\/\/plazajuarez.mx\/historico\/se-desbloquearan-vias-en-oaxaca-si-falla-dialogo\/","title":{"rendered":"\u201cSe desbloquear\u00e1n v\u00edas en Oaxaca si falla di\u00e1logo\u201d"},"content":{"rendered":"<p>Entrevista radiof\u00f3nica a Miguel \u00c1ngel Osorio<br \/>\u25cf\u00a0\u00a0\u00a0 \u201cTenemos un mandato de regresar a la normalidad\u201d<\/p>\n<p>  <!--more-->  <\/p>\n<p>El secretario de Gobernaci\u00f3n, Miguel \u00c1ngel Osorio, advirti\u00f3 que el gobierno federal actuar\u00e1 para desbloquear las v\u00edas de comunicaci\u00f3n terrestre en Oaxaca, en caso de que los manifestantes no muestren un cambio de actitud por la v\u00eda del di\u00e1logo.<br \/>\u201cTenemos un mandato de regresar a la normalidad y estamos abriendo los espacios; no se ha cancelado el di\u00e1logo, pero s\u00ed lo digo con toda claridad, tenemos que dejar, generar las condiciones, si no se dan \u00e9stas por la v\u00eda del di\u00e1logo, entonces tenemos que actuar porque no pueden seguir as\u00ed las cosas, las condiciones como ahora est\u00e1n\u201d, dijo ayer en entrevista radiof\u00f3nica.<br \/>PIDE CNTE AL GOBIERNO \u201cRESPUESTAS CLARAS\u201d<br \/>La CNTE demand\u00f3 al gobierno federal &#8220;seriedad y respuestas claras&#8221; para alcanzar una soluci\u00f3n al conflicto magisterial, y no caer en una &#8220;comisi\u00f3n platicadora&#8221;, porque el magisterio y la sociedad en general &#8220;deben tener certeza de que el conflicto en verdad se va a resolver&#8221;.<br \/>Tras las declaraciones del Secretario de Gobernaci\u00f3n de que la reforma educativa no puede modificarse, el magisterio disidente inform\u00f3 en un comunicado que la administraci\u00f3n federal &#8220;quiere ganar tiempo, que nosotros seamos los desesperados, que perdamos el consenso social y que caigamos en la provocaci\u00f3n de sus actos autoritarios y represivos&#8221;.<br \/>Por ello, anunciaron que ante la falta de una fecha para la reanudaci\u00f3n de la mesa de di\u00e1logo y como muestra de su disposici\u00f3n a que el di\u00e1logo y negociaci\u00f3n &#8220;tengan un cauce hacia la soluci\u00f3n del conflicto derivado de la injusta ley educativa, en los pr\u00f3ximos d\u00edas publicaremos un documento con nuestra propuesta de soluci\u00f3n, en los distintos rubros del di\u00e1logo: abrogaci\u00f3n de la reforma; proceso de transformaci\u00f3n de la educaci\u00f3n; y consecuencias derivadas de la reforma&#8221;.<br \/>Agregaron que &#8220;si observamos disposici\u00f3n y sensibilidad de Osorio Chong; estamos dispuestos a una tregua en la actividad pol\u00edtica, en funci\u00f3n de una mesa de di\u00e1logo y negociaci\u00f3n de car\u00e1cter resolutiva&#8221;.<\/p>\n","protected":false},"excerpt":{"rendered":"<p>Entrevista radiof\u00f3nica a Miguel \u00c1ngel Osorio\u25cf\u00a0\u00a0\u00a0 \u201cTenemos un mandato de regresar a la normalidad\u201d<\/p>\n","protected":false},"author":93,"featured_media":0,"comment_status":"open","ping_status":"open","sticky":false,"template":"","format":"standard","meta":{"footnotes":""},"categories":[36],"tags":[],"class_list":["post-23920","post","type-post","status-publish","format-standard","hentry","category-nacion"],"_links":{"self":[{"href":"https:\/\/plazajuarez.mx\/historico\/wp-json\/wp\/v2\/posts\/23920","targetHints":{"allow":["GET"]}}],"collection":[{"href":"https:\/\/plazajuarez.mx\/historico\/wp-json\/wp\/v2\/posts"}],"about":[{"href":"https:\/\/plazajuarez.mx\/historico\/wp-json\/wp\/v2\/types\/post"}],"author":[{"embeddable":true,"href":"https:\/\/plazajuarez.mx\/historico\/wp-json\/wp\/v2\/users\/93"}],"replies":[{"embeddable":true,"href":"https:\/\/plazajuarez.mx\/historico\/wp-json\/wp\/v2\/comments?post=23920"}],"version-history":[{"count":0,"href":"https:\/\/plazajuarez.mx\/historico\/wp-json\/wp\/v2\/posts\/23920\/revisions"}],"wp:attachment":[{"href":"https:\/\/plazajuarez.mx\/historico\/wp-json\/wp\/v2\/media?parent=23920"}],"wp:term":[{"taxonomy":"category","embeddable":true,"href":"https:\/\/plazajuarez.mx\/historico\/wp-json\/wp\/v2\/categories?post=23920"},{"taxonomy":"post_tag","embeddable":true,"href":"https:\/\/plazajuarez.mx\/historico\/wp-json\/wp\/v2\/tags?post=23920"}],"curies":[{"name":"wp","href":"https:\/\/api.w.org\/{rel}","templated":true}]}}