{"id":2392,"date":"2015-03-18T06:00:00","date_gmt":"2015-03-18T06:00:00","guid":{"rendered":"http:\/\/plazajuarez.mx\/index\/index.php\/2015\/03\/18\/niegan-en-la-comunidad-la-loma-lopez-rayon-ser-invasores-de-propiedades-privadas\/"},"modified":"2015-03-18T06:00:00","modified_gmt":"2015-03-18T06:00:00","slug":"niegan-en-la-comunidad-la-loma-lopez-rayon-ser-invasores-de-propiedades-privadas","status":"publish","type":"post","link":"https:\/\/plazajuarez.mx\/historico\/niegan-en-la-comunidad-la-loma-lopez-rayon-ser-invasores-de-propiedades-privadas\/","title":{"rendered":"Niegan en la comunidad La Loma L\u00f3pez Ray\u00f3n  ser invasores de propiedades privadas"},"content":{"rendered":"<p><strong>Ixmiquilpan<\/strong><\/p>\n<ul>\n<li><strong><strong>Derecho de r\u00e9plica a una nota publicada en estas p\u00e1ginas el pasado 6 de marzo<\/strong><\/strong> <!--more--> <\/li>\n<\/ul>\n<p>El delegado municipal de la comunidad, La Loma L\u00f3pez Ray\u00f3n, Germ\u00e1n Mendoza Mendoza, a t\u00edtulo de sus vecinos, emiti\u00f3 una comunicaci\u00f3n dirigida a la corresponsal\u00eda de Diario Plaza Ju\u00e1rez, para fijar su postura en torno a la nota period\u00edstica dada a conocer por este medio el pasado seis de marzo, donde un grupo de personas denunciaron que la delegaci\u00f3n del poblado hab\u00eda invadido algunas propiedades privadas, basados \u00fanicamente en el ejercicio de sus usos y costumbres.<\/p>\n<p>En el escrito, se refieren especificadamente al caso de la se\u00f1ora \u201cLaura Trejo de Nube\u201d, sobre el predio denominado San Antonio (antes lo conformaban dos terrenos, Boxni y La Barranca), que fue donado a la comunidad por el esposo de ella, Faustino Nube Guerrero, donde actualmente se encuentra construido el Centro Comunitario de Desarrollo Social.<\/p>\n<p>Explica que en 2012, la comunidad solicit\u00f3 al gobierno del estado su intervenci\u00f3n para mediar con la se\u00f1ora Laura Trejo, debido a que se negaba a respetar la segunda donaci\u00f3n de otra porci\u00f3n de terreno, de una hect\u00e1rea m\u00e1s.<\/p>\n<p>Recuerda en el documento, que a\u00fan con vida, Faustino Nube Guerrero, en una asamblea general de la comunidad, acord\u00f3 frente a los vecinos la donaci\u00f3n del terreno. En gratitud, la comunidad dispuso de algunas criptas dentro del pante\u00f3n comunitario para sus familiares.<\/p>\n<p>Incluso, una de las calles del poblado, lleva por nombre \u201cEdgar Nube Trejo\u201d, hijo de Faustino, quien tambi\u00e9n falleci\u00f3 anos atr\u00e1s, esto en muestra de gratitud.<\/p>\n<p>Destaca que, adem\u00e1s de estar agradecidos con el finado, existi\u00f3 una \u201cgran amistad y hermandad\u201d con \u00e9l, por lo cual rechazaron que hayan invadido propiedades privadas, como denunciaran algunos de los afectados a trav\u00e9s de Diario Plaza Ju\u00e1rez.<\/p>\n<p>Rechaz\u00f3, que en La Loma L\u00f3pez Ray\u00f3n, los vecinos violenten los derechos humanos, no han invadido tierras, tampoco se rigen por usos y costumbres.<\/p>\n<p>Incluso precisa, que en lo que corresponde al bloqueo de canaletas, sostiene en el escrito que a ning\u00fan predio le han impedido el acceso al agua de riego.<\/p>\n<p>\u201cLos ciudadanos que yo represento, somos personas que respetamos la ley, que nos conducimos de mara institucional, respetamos a nuestro gobierno en sus tres \u00f3rdenes y no toleramos dichos se\u00f1alamientos\u201d, sostiene en el documento.<\/p>\n<p>Agreg\u00f3 que la causa penal 7\/2013, radicada en el juzgado penal de primera instancia, no ha liberado las \u00f3rdenes de aprehensi\u00f3n debido a que no existieron fundamentos para tal efecto y no son procedentes.<\/p>\n<p>Cabe se\u00f1alar que la informaci\u00f3n que gener\u00f3 la respuesta de esta comunidad, es derivado de la denuncia p\u00fablica que han realizado, Laura Trejo, Felipa Rodr\u00edguez, Mat\u00edas Rafael Fuentes y otras personas, quienes acusaron a la delegaci\u00f3n de haber invadido algunas propiedades privadas.<\/p>\n","protected":false},"excerpt":{"rendered":"<p>Ixmiquilpan Derecho de r\u00e9plica a una nota publicada en estas p\u00e1ginas el pasado 6 de marzo<\/p>\n","protected":false},"author":93,"featured_media":0,"comment_status":"open","ping_status":"open","sticky":false,"template":"","format":"standard","meta":{"footnotes":""},"categories":[40],"tags":[],"class_list":["post-2392","post","type-post","status-publish","format-standard","hentry","category-region"],"_links":{"self":[{"href":"https:\/\/plazajuarez.mx\/historico\/wp-json\/wp\/v2\/posts\/2392","targetHints":{"allow":["GET"]}}],"collection":[{"href":"https:\/\/plazajuarez.mx\/historico\/wp-json\/wp\/v2\/posts"}],"about":[{"href":"https:\/\/plazajuarez.mx\/historico\/wp-json\/wp\/v2\/types\/post"}],"author":[{"embeddable":true,"href":"https:\/\/plazajuarez.mx\/historico\/wp-json\/wp\/v2\/users\/93"}],"replies":[{"embeddable":true,"href":"https:\/\/plazajuarez.mx\/historico\/wp-json\/wp\/v2\/comments?post=2392"}],"version-history":[{"count":0,"href":"https:\/\/plazajuarez.mx\/historico\/wp-json\/wp\/v2\/posts\/2392\/revisions"}],"wp:attachment":[{"href":"https:\/\/plazajuarez.mx\/historico\/wp-json\/wp\/v2\/media?parent=2392"}],"wp:term":[{"taxonomy":"category","embeddable":true,"href":"https:\/\/plazajuarez.mx\/historico\/wp-json\/wp\/v2\/categories?post=2392"},{"taxonomy":"post_tag","embeddable":true,"href":"https:\/\/plazajuarez.mx\/historico\/wp-json\/wp\/v2\/tags?post=2392"}],"curies":[{"name":"wp","href":"https:\/\/api.w.org\/{rel}","templated":true}]}}