{"id":23919,"date":"2016-06-30T11:30:39","date_gmt":"2016-06-30T11:30:39","guid":{"rendered":"http:\/\/plazajuarez.mx\/index\/index.php\/2016\/06\/30\/trump-romperia-el-tlc-si-es-presidente\/"},"modified":"2016-06-30T11:30:39","modified_gmt":"2016-06-30T11:30:39","slug":"trump-romperia-el-tlc-si-es-presidente","status":"publish","type":"post","link":"https:\/\/plazajuarez.mx\/historico\/trump-romperia-el-tlc-si-es-presidente\/","title":{"rendered":"Trump romper\u00eda el TLC si es presidente"},"content":{"rendered":"<p>Cumbre del NAFTA <br \/>\u25cf\u00a0\u00a0\u00a0 La cumbre del NAFTA se celebra agitada por las nuevas ret\u00f3ricas proteccionistas<\/p>\n<p>  <!--more-->  <\/p>\n<p>Trump puede no ganar las elecciones, pero el sentimiento que remueve es tan real, como los miles y miles de empleos perdidos en la industria fabril de EU como consecuencia de la globalizaci\u00f3n. El magnate suele mencionar en sus m\u00edtines la planta de Carrier, que en 2019 se llevar\u00e1 la producci\u00f3n de aparatos de aire acondicionado para reducir costos. El miedo que noticias como estas generan en la clase trabajadora han alentado los votos para Trump y ha despertado un apoyo mucho mayor de lo esperado <br \/>El grupo de los llamados Tres Amigos -EU, M\u00e9xico y Canad\u00e1- llevaron a cabo ayer su primera cumbre desde 2014, la \u00faltima del presidente Barack Obama, bajo la alargada sombra del candidato republicano in p\u00e9ctore, Donald Trump. El martes, justo en la v\u00edspera, asegur\u00f3 que reformar\u00e1 profundamente o romper\u00e1 el tratado comercial de los tres pa\u00edses (Nafta, en sus siglas en ingl\u00e9s).<br \/>Durante un discurso en Pensilvania, el empresario neoyorquino enfatiz\u00f3 su ret\u00f3rica proteccionista y tach\u00f3 la Nafta, firmado por el presidente Bill Clinton en 1993, del \u201cpeor tratado comercial de la historia\u201d. Trump se comprometi\u00f3 a lograr \u201cmejores condiciones para trabajadores de EU\u201d y, si eso no es posible, liquidar el trato. \u201cM\u00e9xico act\u00faa injustamente al promover sus productos, retir\u00f3 sus tarifas arancelarias para ser miembros del Nafta pero impuso una tasa al valor a\u00f1adido de las importaciones para seguir siendo competitivo\u201d, critic\u00f3.<br \/>Trump hizo un paralelismo con el resultado del refer\u00e9ndum de Reino Unido la semana pasada, que vot\u00f3 por dejar la Uni\u00f3n Europa, para defender que EU tambi\u00e9n \u201cse independice\u201d en materia econ\u00f3mica, lo que incluye bloquear tambi\u00e9n el nuevo Tratado Comercial Transpac\u00edfico.<br \/>En el pasado reciente, un presidente americano ten\u00eda m\u00e1s limitaciones para hacer y deshacer sobre tratados comerciales, pero hace un a\u00f1o el Senado ratific\u00f3 una ley que da autoridad para negociar por su cuenta y riesgo este tipo de tratados por una v\u00eda r\u00e1pida. As\u00ed, el Congreso da su visto bueno a posteriori, votando s\u00ed o no, pero en ning\u00fan caso modific\u00e1ndolo.<br \/>Para entender la sacudida que Trump supone en la pol\u00edtica de EU basta recordar que Obama logr\u00f3 esa norma, llamada fast track o v\u00eda r\u00e1pida, gracias al apoyo de la oposici\u00f3n republicana, m\u00e1s partidaria del libre comercio, y con oposici\u00f3n dem\u00f3crata, m\u00e1s inclinada a las restricciones. Ahora es el candidato republicano el que clama contra los tratados.<\/p>\n","protected":false},"excerpt":{"rendered":"<p>Cumbre del NAFTA \u25cf\u00a0\u00a0\u00a0 La cumbre del NAFTA se celebra agitada por las nuevas ret\u00f3ricas proteccionistas<\/p>\n","protected":false},"author":93,"featured_media":0,"comment_status":"open","ping_status":"open","sticky":false,"template":"","format":"standard","meta":{"footnotes":""},"categories":[31],"tags":[],"class_list":["post-23919","post","type-post","status-publish","format-standard","hentry","category-orbe"],"_links":{"self":[{"href":"https:\/\/plazajuarez.mx\/historico\/wp-json\/wp\/v2\/posts\/23919","targetHints":{"allow":["GET"]}}],"collection":[{"href":"https:\/\/plazajuarez.mx\/historico\/wp-json\/wp\/v2\/posts"}],"about":[{"href":"https:\/\/plazajuarez.mx\/historico\/wp-json\/wp\/v2\/types\/post"}],"author":[{"embeddable":true,"href":"https:\/\/plazajuarez.mx\/historico\/wp-json\/wp\/v2\/users\/93"}],"replies":[{"embeddable":true,"href":"https:\/\/plazajuarez.mx\/historico\/wp-json\/wp\/v2\/comments?post=23919"}],"version-history":[{"count":0,"href":"https:\/\/plazajuarez.mx\/historico\/wp-json\/wp\/v2\/posts\/23919\/revisions"}],"wp:attachment":[{"href":"https:\/\/plazajuarez.mx\/historico\/wp-json\/wp\/v2\/media?parent=23919"}],"wp:term":[{"taxonomy":"category","embeddable":true,"href":"https:\/\/plazajuarez.mx\/historico\/wp-json\/wp\/v2\/categories?post=23919"},{"taxonomy":"post_tag","embeddable":true,"href":"https:\/\/plazajuarez.mx\/historico\/wp-json\/wp\/v2\/tags?post=23919"}],"curies":[{"name":"wp","href":"https:\/\/api.w.org\/{rel}","templated":true}]}}