{"id":23916,"date":"2016-06-30T11:29:58","date_gmt":"2016-06-30T11:29:58","guid":{"rendered":"http:\/\/plazajuarez.mx\/index\/index.php\/2016\/06\/30\/por-que-turquia-es-hoy-objetivo-del-ei\/"},"modified":"2016-06-30T11:29:58","modified_gmt":"2016-06-30T11:29:58","slug":"por-que-turquia-es-hoy-objetivo-del-ei","status":"publish","type":"post","link":"https:\/\/plazajuarez.mx\/historico\/por-que-turquia-es-hoy-objetivo-del-ei\/","title":{"rendered":"Por qu\u00e9 Turqu\u00eda es (hoy) objetivo del EI"},"content":{"rendered":"<p>De amigos a enemigos<br \/>\u25cf\u00a0\u00a0\u00a0 Ankara ha virado desde la connivencia hacia los yihadistas a participar en la guerra en su contra<\/p>\n<p>  <!--more-->  <\/p>\n<p>Pese a que grupos de origen kurdo como los Kurdistan Freedom Falcons han cometido atentados con bomba en los \u00faltimos meses, las primeras pesquisas apuntan a hombres del EI. Los objetivos de los milicianos kurdos suelen ser miembros de las fuerzas de seguridad y no reclamos tur\u00edsticos, como s\u00ed ha hecho el grupo sirio-iraqu\u00ed para da\u00f1ar la econom\u00eda<br \/>La ciudad turca de Kilis, de unos 100.000 habitantes, es un buen ejemplo, a peque\u00f1a escala, para entender c\u00f3mo el Estado Isl\u00e1mico (EI) ha hecho virar su violencia hacia Turqu\u00eda. A\u00f1os atr\u00e1s, cuando la guerra siria hab\u00eda alcanzado pr\u00e1cticamente todo el territorio, esta localidad era paso habitual hacia la vecina Siria para milicianos armados, de uno u otro grupo, que quer\u00edan combatir a las fuerzas del r\u00e9gimen de Bachar el Asad. <br \/>Kilis, como muchas otras ciudades turcas fronterizas, colindantes con las provincias sirias de Alepo e Idlib, fue tambi\u00e9n zona libre y porosa para el cruce de yihadistas. Fue este uno de los motivos por los que el Gobierno de Recep Tayyip Erdogan recibi\u00f3 acusaciones de connivencia con el EI. En los \u00faltimos meses, sirva de contraste, proyectiles lanzados desde la trinchera controlada por este grupo en el noroeste sirio han causado la muerte de m\u00e1s de una veintena de personas en Kilis. El Ej\u00e9rcito turco ha respondido con fuego de artiller\u00eda.<br \/>El atentado terrorista perpetrado el martes en el aeropuerto Ataturk de Estambul apunta a un nuevo golpe asestado por miembros del EI en territorio turco, precisamente cuando se cumplen dos a\u00f1os de la proclamaci\u00f3n del califato. El modus operandi recuerda al de Bruselas del pasado 22 de marzo, llevado a cabo por los resquicios de la c\u00e9lula de Par\u00eds. Pero tambi\u00e9n es similar al de otros grupos terroristas, desde Laskhar e Taiba, responsable del ataque en Bombay de 2008, a cualquiera de la \u00faltima docena de atentados cometidos por Al Shabab en hoteles de Somalia. A saber: hombres armados descerrajan sus fusiles autom\u00e1ticos de forma indiscriminada para activar m\u00e1s tarde su carga explosiva adherida.<\/p>\n","protected":false},"excerpt":{"rendered":"<p>De amigos a enemigos\u25cf\u00a0\u00a0\u00a0 Ankara ha virado desde la connivencia hacia los yihadistas a participar en la guerra en su contra<\/p>\n","protected":false},"author":93,"featured_media":0,"comment_status":"open","ping_status":"open","sticky":false,"template":"","format":"standard","meta":{"footnotes":""},"categories":[31],"tags":[],"class_list":["post-23916","post","type-post","status-publish","format-standard","hentry","category-orbe"],"_links":{"self":[{"href":"https:\/\/plazajuarez.mx\/historico\/wp-json\/wp\/v2\/posts\/23916","targetHints":{"allow":["GET"]}}],"collection":[{"href":"https:\/\/plazajuarez.mx\/historico\/wp-json\/wp\/v2\/posts"}],"about":[{"href":"https:\/\/plazajuarez.mx\/historico\/wp-json\/wp\/v2\/types\/post"}],"author":[{"embeddable":true,"href":"https:\/\/plazajuarez.mx\/historico\/wp-json\/wp\/v2\/users\/93"}],"replies":[{"embeddable":true,"href":"https:\/\/plazajuarez.mx\/historico\/wp-json\/wp\/v2\/comments?post=23916"}],"version-history":[{"count":0,"href":"https:\/\/plazajuarez.mx\/historico\/wp-json\/wp\/v2\/posts\/23916\/revisions"}],"wp:attachment":[{"href":"https:\/\/plazajuarez.mx\/historico\/wp-json\/wp\/v2\/media?parent=23916"}],"wp:term":[{"taxonomy":"category","embeddable":true,"href":"https:\/\/plazajuarez.mx\/historico\/wp-json\/wp\/v2\/categories?post=23916"},{"taxonomy":"post_tag","embeddable":true,"href":"https:\/\/plazajuarez.mx\/historico\/wp-json\/wp\/v2\/tags?post=23916"}],"curies":[{"name":"wp","href":"https:\/\/api.w.org\/{rel}","templated":true}]}}