{"id":23914,"date":"2016-06-30T11:27:52","date_gmt":"2016-06-30T11:27:52","guid":{"rendered":"http:\/\/plazajuarez.mx\/index\/index.php\/2016\/06\/30\/dos-masculinos-de-28-anos-se-suicidaron\/"},"modified":"2016-06-30T11:27:52","modified_gmt":"2016-06-30T11:27:52","slug":"dos-masculinos-de-28-anos-se-suicidaron","status":"publish","type":"post","link":"https:\/\/plazajuarez.mx\/historico\/dos-masculinos-de-28-anos-se-suicidaron\/","title":{"rendered":"DOS MASCULINOS, DE 28 A\u00d1OS, SE SUICIDARON"},"content":{"rendered":"<p>EN MINERAL DE LA REFORMA Y TEZONTEPEC DE ALDAMA<\/p>\n<p>  <!--more-->  <\/p>\n<p>Una doble tragedia tuvo lugar en Pachuca y Tezontepec de Aldama, donde dos varones de 28 a\u00f1os de edad decidieron escapar por la puerta falsa, al suicidarse en el interior de sus viviendas, sin conocerse las causas, ya que no dejaron recado p\u00f3stumo y de ello, tomaron conocimiento las autoridades correspondientes.<br \/>En esta ciudad capital se dio inicio a la NUC 12-2016-05979, por lo que resulte de la muerte de un masculino.<br \/>Procuradur\u00eda de Hidalgo, corrobor\u00f3 que el deceso del infortunado ocurri\u00f3 en el edificio 56, departamento 303, de la colonia 11 de Julio. <br \/>Elementos de la Polic\u00eda Municipal de Mineral de la Reforma, corroboraron que en el lugar encontraron ahorcado a quien en vida respond\u00eda al nombre de Jos\u00e9 Luis \u201cT\u201d \u201cG\u201d, quien hasta antes de morir contaba con 28 a\u00f1os de edad.<br \/>As\u00ed mismo, en Tezontepec de Aldama se report\u00f3 a una persona del sexo masculino que se encontr\u00f3 sin vida y suspendida del cuello con una soga atada a una estructura en el patio de su domicilio.<br \/>La tragedia tuvo lugar en la calle La Palma n\u00famero 123, de San Juan Achichilco, donde se inform\u00f3 que Daniel \u201cM\u201d \u201cT\u201d de 28 a\u00f1os, d\u00edas antes tuvo fuerte problema familiar.<\/p>\n","protected":false},"excerpt":{"rendered":"<p>EN MINERAL DE LA REFORMA Y TEZONTEPEC DE ALDAMA<\/p>\n","protected":false},"author":93,"featured_media":0,"comment_status":"open","ping_status":"open","sticky":false,"template":"","format":"standard","meta":{"footnotes":""},"categories":[37],"tags":[],"class_list":["post-23914","post","type-post","status-publish","format-standard","hentry","category-barandilla"],"_links":{"self":[{"href":"https:\/\/plazajuarez.mx\/historico\/wp-json\/wp\/v2\/posts\/23914","targetHints":{"allow":["GET"]}}],"collection":[{"href":"https:\/\/plazajuarez.mx\/historico\/wp-json\/wp\/v2\/posts"}],"about":[{"href":"https:\/\/plazajuarez.mx\/historico\/wp-json\/wp\/v2\/types\/post"}],"author":[{"embeddable":true,"href":"https:\/\/plazajuarez.mx\/historico\/wp-json\/wp\/v2\/users\/93"}],"replies":[{"embeddable":true,"href":"https:\/\/plazajuarez.mx\/historico\/wp-json\/wp\/v2\/comments?post=23914"}],"version-history":[{"count":0,"href":"https:\/\/plazajuarez.mx\/historico\/wp-json\/wp\/v2\/posts\/23914\/revisions"}],"wp:attachment":[{"href":"https:\/\/plazajuarez.mx\/historico\/wp-json\/wp\/v2\/media?parent=23914"}],"wp:term":[{"taxonomy":"category","embeddable":true,"href":"https:\/\/plazajuarez.mx\/historico\/wp-json\/wp\/v2\/categories?post=23914"},{"taxonomy":"post_tag","embeddable":true,"href":"https:\/\/plazajuarez.mx\/historico\/wp-json\/wp\/v2\/tags?post=23914"}],"curies":[{"name":"wp","href":"https:\/\/api.w.org\/{rel}","templated":true}]}}