{"id":23913,"date":"2016-06-30T11:27:30","date_gmt":"2016-06-30T11:27:30","guid":{"rendered":"http:\/\/plazajuarez.mx\/index\/index.php\/2016\/06\/30\/asaltan-con-pistola-en-mano-a-repartidor-de-productos-lacteos\/"},"modified":"2016-06-30T11:27:30","modified_gmt":"2016-06-30T11:27:30","slug":"asaltan-con-pistola-en-mano-a-repartidor-de-productos-lacteos","status":"publish","type":"post","link":"https:\/\/plazajuarez.mx\/historico\/asaltan-con-pistola-en-mano-a-repartidor-de-productos-lacteos\/","title":{"rendered":"ASALTAN, CON PISTOLA EN MANO, A REPARTIDOR DE PRODUCTOS L\u00c1CTEOS"},"content":{"rendered":"<p>EN MINERAL DE LA REFORMA<\/p>\n<p>  <!--more-->  <\/p>\n<p>Por ello, la Procuradur\u00eda General de Justicia del estado de Hidalgo dio inicio a la carpeta de investigaci\u00f3n 12-2016-05970<br \/>Mal y de malas estuvo un repartidor de productos l\u00e1cteos, pues el martes anterior, fue v\u00edctima de un violento asalto y robo a manos de un solitario delincuente que lo amag\u00f3 con un arma de fuego, para someterlo y despojarlo de la cuenta del d\u00eda, para finalmente darse a la fuga caminando por el acceso principal al municipio de Mineral de la Reforma.<br \/>De ello la Procuradur\u00eda General de Justicia del estado de Hidalgo inform\u00f3 que se dio inicio a la NUC 12-2016-05970, por asalto y robo.<br \/>En su denuncia el afectado corrobor\u00f3 que fue v\u00edctima de un asalto y robo cuando realizaba sus labores cotidianas, ya que trabaja para la empresa denominada Lala Operaciones S. A. <br \/>Al abundar en el relato, indic\u00f3 que aproximadamente a las 13:30 horas, luego de surtir a un cliente de los Abarrotes la Tuzita, al bajar de la caja de la unidad que conduc\u00eda, se acerc\u00f3 un joven delgado y cubierto de la cabeza, quien le cerr\u00f3 el paso con una pistola y le exigi\u00f3 todo el dinero, despoj\u00e1ndolo de 814 pesos. <br \/>Aunque le exig\u00eda m\u00e1s dinero, le dijo al asaltante que no tra\u00eda y no portaba celular, por lo que el sujeto decidi\u00f3 darse a la fuga.<\/p>\n","protected":false},"excerpt":{"rendered":"<p>EN MINERAL DE LA REFORMA<\/p>\n","protected":false},"author":93,"featured_media":0,"comment_status":"open","ping_status":"open","sticky":false,"template":"","format":"standard","meta":{"footnotes":""},"categories":[37],"tags":[],"class_list":["post-23913","post","type-post","status-publish","format-standard","hentry","category-barandilla"],"_links":{"self":[{"href":"https:\/\/plazajuarez.mx\/historico\/wp-json\/wp\/v2\/posts\/23913","targetHints":{"allow":["GET"]}}],"collection":[{"href":"https:\/\/plazajuarez.mx\/historico\/wp-json\/wp\/v2\/posts"}],"about":[{"href":"https:\/\/plazajuarez.mx\/historico\/wp-json\/wp\/v2\/types\/post"}],"author":[{"embeddable":true,"href":"https:\/\/plazajuarez.mx\/historico\/wp-json\/wp\/v2\/users\/93"}],"replies":[{"embeddable":true,"href":"https:\/\/plazajuarez.mx\/historico\/wp-json\/wp\/v2\/comments?post=23913"}],"version-history":[{"count":0,"href":"https:\/\/plazajuarez.mx\/historico\/wp-json\/wp\/v2\/posts\/23913\/revisions"}],"wp:attachment":[{"href":"https:\/\/plazajuarez.mx\/historico\/wp-json\/wp\/v2\/media?parent=23913"}],"wp:term":[{"taxonomy":"category","embeddable":true,"href":"https:\/\/plazajuarez.mx\/historico\/wp-json\/wp\/v2\/categories?post=23913"},{"taxonomy":"post_tag","embeddable":true,"href":"https:\/\/plazajuarez.mx\/historico\/wp-json\/wp\/v2\/tags?post=23913"}],"curies":[{"name":"wp","href":"https:\/\/api.w.org\/{rel}","templated":true}]}}