{"id":23912,"date":"2016-06-30T11:27:08","date_gmt":"2016-06-30T11:27:08","guid":{"rendered":"http:\/\/plazajuarez.mx\/index\/index.php\/2016\/06\/30\/carambola-de-autos-en-san-antonio-dos-salen-heridos\/"},"modified":"2016-06-30T11:27:08","modified_gmt":"2016-06-30T11:27:08","slug":"carambola-de-autos-en-san-antonio-dos-salen-heridos","status":"publish","type":"post","link":"https:\/\/plazajuarez.mx\/historico\/carambola-de-autos-en-san-antonio-dos-salen-heridos\/","title":{"rendered":"CARAMBOLA DE AUTOS EN SAN ANTONIO; DOS SALEN HERIDOS"},"content":{"rendered":"<p style=\"text-align: justify;\">CUATRO AUTOS SE IMPACTARON<\/p>\n<p>  <!--more-->  <\/p>\n<p style=\"text-align: justify;\">Una Impresionante congesti\u00f3n vehicular, se suscit\u00f3 ayer por la ma\u00f1ana, en la carretera M\u00e9xico-Pachuca, a la altura de la colonia de San Antonio el Desmonte, por un choque por alcance y proyecci\u00f3n, entre cuatro automotores<br \/>Aparatosa carambola de autos se registr\u00f3 la ma\u00f1ana de ayer en la carretera Federal M\u00e9xico-Pachuca, por la colonia San Antonio el Desmonte, donde cuatro veh\u00edculos se impactaron por alcance y proyecci\u00f3n, lo que provoc\u00f3 tremendo caos automovil\u00edstico.<br \/>A las 07:30 horas de ayer se dio la alerta y al lugar acudieron efectivos de la Polic\u00eda Municipal de Pachuca quienes tomaron conocimiento del percance, que dej\u00f3 saldo de dos lesionados leves y cuantiosas p\u00e9rdidas materiales.\u00a0 <br \/>Los oficiales dieron a conocer que se trat\u00f3 de un hecho de tr\u00e1nsito en los carriles con direcci\u00f3n a la Ciudad de M\u00e9xico.<br \/>Los veh\u00edculos involucrados fueron un Seat Ibiza verde, con placas para transitar HNJ-76-45, que llevaba al volante a Arizbeth \u201cN\u201d de 43, as\u00ed como un Nissan March gris, con matr\u00edcula HNM-88-41, que manejaba Gabriel \u201cN\u201d de 60 a\u00f1os, un Datsun Satura blanco, con l\u00e1minas HNN-65-69, que tripulaba \u00c1lvaro \u201cN\u201d de y una camioneta Isuzu, color blanco, con placas LA-732-63, cuyo conductor \u00c1ngel \u201cN\u201d dijo contar con 25 a\u00f1os.<br \/>Socorristas de Cruz Roja en la unidad 124, valoraron a Magdalena \u201cN\u201d, de 34 a\u00f1os y a Tom\u00e1s \u201cN\u201d de la misma edad, y aunque salieron heridos, no se requiri\u00f3 su traslado.<\/p>\n","protected":false},"excerpt":{"rendered":"<p>CUATRO AUTOS SE IMPACTARON<\/p>\n","protected":false},"author":93,"featured_media":0,"comment_status":"open","ping_status":"open","sticky":false,"template":"","format":"standard","meta":{"footnotes":""},"categories":[37],"tags":[],"class_list":["post-23912","post","type-post","status-publish","format-standard","hentry","category-barandilla"],"_links":{"self":[{"href":"https:\/\/plazajuarez.mx\/historico\/wp-json\/wp\/v2\/posts\/23912","targetHints":{"allow":["GET"]}}],"collection":[{"href":"https:\/\/plazajuarez.mx\/historico\/wp-json\/wp\/v2\/posts"}],"about":[{"href":"https:\/\/plazajuarez.mx\/historico\/wp-json\/wp\/v2\/types\/post"}],"author":[{"embeddable":true,"href":"https:\/\/plazajuarez.mx\/historico\/wp-json\/wp\/v2\/users\/93"}],"replies":[{"embeddable":true,"href":"https:\/\/plazajuarez.mx\/historico\/wp-json\/wp\/v2\/comments?post=23912"}],"version-history":[{"count":0,"href":"https:\/\/plazajuarez.mx\/historico\/wp-json\/wp\/v2\/posts\/23912\/revisions"}],"wp:attachment":[{"href":"https:\/\/plazajuarez.mx\/historico\/wp-json\/wp\/v2\/media?parent=23912"}],"wp:term":[{"taxonomy":"category","embeddable":true,"href":"https:\/\/plazajuarez.mx\/historico\/wp-json\/wp\/v2\/categories?post=23912"},{"taxonomy":"post_tag","embeddable":true,"href":"https:\/\/plazajuarez.mx\/historico\/wp-json\/wp\/v2\/tags?post=23912"}],"curies":[{"name":"wp","href":"https:\/\/api.w.org\/{rel}","templated":true}]}}