{"id":2391,"date":"2015-03-18T06:00:00","date_gmt":"2015-03-18T06:00:00","guid":{"rendered":"http:\/\/plazajuarez.mx\/index\/index.php\/2015\/03\/18\/niega-alcalde-estar-denunciado-penalmente-por-empresa-constructora\/"},"modified":"2015-03-18T06:00:00","modified_gmt":"2015-03-18T06:00:00","slug":"niega-alcalde-estar-denunciado-penalmente-por-empresa-constructora","status":"publish","type":"post","link":"https:\/\/plazajuarez.mx\/historico\/niega-alcalde-estar-denunciado-penalmente-por-empresa-constructora\/","title":{"rendered":"Niega Alcalde estar denunciado penalmente por empresa constructora"},"content":{"rendered":"<p><strong>Santiago de Anaya<\/strong><\/p>\n<ul>\n<li><strong><strong>\u201cNosotros no firmamos nunca, en este caso el Ayuntamiento no firm\u00f3 ning\u00fan contrato con ellos, lo hizo la otra administraci\u00f3n\u201d<\/strong><\/strong> <!--more--> <\/li>\n<\/ul>\n<p>El presidente municipal, Fidencio Gachuz Ram\u00edrez, dio a conocer que ser\u00e1 en abril, cuando libere los pagos correspondientes a la aportaci\u00f3n municipal para la obra de agua potable que beneficiar\u00e1 a las comunidades de El \u00c1guila y El Palmar.<\/p>\n<p>En entrevista, sostuvo que \u00e9l no tiene ninguna relaci\u00f3n con dichos convenios o contratos, sin embargo acept\u00f3 que s\u00ed existe una aportaci\u00f3n municipal que debe realizar el Ayuntamiento y que habr\u00e1 de liberar en abril.<\/p>\n<p>Neg\u00f3, que est\u00e9 denunciado penalmente por el representante de la empresa constructora, Alfonso Gardu\u00f1o Hern\u00e1ndez, incluso asegur\u00f3 que esa demanda es improcedente, porque \u00e9l nunca firm\u00f3 convenios ni contratos.<\/p>\n<p>\u201cNo he sido notificado. Para empezar la persona que hace la denuncia, nosotros no firmamos nunca, en este caso el Ayuntamiento no firm\u00f3 ning\u00fan contrato con ellos, lo hizo la otra administraci\u00f3n\u201d.<\/p>\n<p>Dijo, que en todo caso, a quien debe denunciarse es a la Comisi\u00f3n Estatal del Agua y Alcantarillado (CEAA), porque fue la dependencia con quienes se hicieron los contratos, la \u00fanica responsabilidad del Ayuntamiento, es la aportaci\u00f3n correspondiente que no se ha realizado.<\/p>\n<p>\u201cEn todo caso a quien debieron demandar es a la CEAA, al estado, con nosotros no hay ning\u00fan contrato, hab\u00eda una aportaci\u00f3n municipal que no se hizo en su momento, en la otra administraci\u00f3n, que bueno institucional nos corresponde y que lo vamos hacer, ya quedamos que en el mes de abril lo vamos hacer\u201d.<\/p>\n<p>\u00a0Insisti\u00f3, que la denuncia en su contra es improcedente, en todo caso es al ayuntamiento, pero asegur\u00f3 que su gobierno no ha firmado convenios, incluso rechaz\u00f3 que \u00e9l tenga conocimiento sobre las minutas signas ante la CEAA en 2014 por parte de su administraci\u00f3n.<\/p>\n<p>La obra, no est\u00e1 operando explic\u00f3, debido a que se existen rezagos todav\u00eda por parte de la empresa constructora, pues falta energizar, siguen pendientes algunas l\u00edneas de conducci\u00f3n, entre otras que no permiten ponerla en marcha.<\/p>\n","protected":false},"excerpt":{"rendered":"<p>Santiago de Anaya \u201cNosotros no firmamos nunca, en este caso el Ayuntamiento no firm\u00f3 ning\u00fan contrato con ellos, lo hizo la otra administraci\u00f3n\u201d<\/p>\n","protected":false},"author":93,"featured_media":0,"comment_status":"open","ping_status":"open","sticky":false,"template":"","format":"standard","meta":{"footnotes":""},"categories":[40],"tags":[],"class_list":["post-2391","post","type-post","status-publish","format-standard","hentry","category-region"],"_links":{"self":[{"href":"https:\/\/plazajuarez.mx\/historico\/wp-json\/wp\/v2\/posts\/2391","targetHints":{"allow":["GET"]}}],"collection":[{"href":"https:\/\/plazajuarez.mx\/historico\/wp-json\/wp\/v2\/posts"}],"about":[{"href":"https:\/\/plazajuarez.mx\/historico\/wp-json\/wp\/v2\/types\/post"}],"author":[{"embeddable":true,"href":"https:\/\/plazajuarez.mx\/historico\/wp-json\/wp\/v2\/users\/93"}],"replies":[{"embeddable":true,"href":"https:\/\/plazajuarez.mx\/historico\/wp-json\/wp\/v2\/comments?post=2391"}],"version-history":[{"count":0,"href":"https:\/\/plazajuarez.mx\/historico\/wp-json\/wp\/v2\/posts\/2391\/revisions"}],"wp:attachment":[{"href":"https:\/\/plazajuarez.mx\/historico\/wp-json\/wp\/v2\/media?parent=2391"}],"wp:term":[{"taxonomy":"category","embeddable":true,"href":"https:\/\/plazajuarez.mx\/historico\/wp-json\/wp\/v2\/categories?post=2391"},{"taxonomy":"post_tag","embeddable":true,"href":"https:\/\/plazajuarez.mx\/historico\/wp-json\/wp\/v2\/tags?post=2391"}],"curies":[{"name":"wp","href":"https:\/\/api.w.org\/{rel}","templated":true}]}}