{"id":23907,"date":"2016-06-30T11:24:07","date_gmt":"2016-06-30T11:24:07","guid":{"rendered":"http:\/\/plazajuarez.mx\/index\/index.php\/2016\/06\/30\/se-aproximan-los-cursos-de-verano\/"},"modified":"2016-06-30T11:24:07","modified_gmt":"2016-06-30T11:24:07","slug":"se-aproximan-los-cursos-de-verano","status":"publish","type":"post","link":"https:\/\/plazajuarez.mx\/historico\/se-aproximan-los-cursos-de-verano\/","title":{"rendered":"Se aproximan los Cursos de Verano"},"content":{"rendered":"<p style=\"text-align: justify;\">Tulancingo<\/p>\n<p>  <!--more-->  <\/p>\n<p style=\"text-align: justify;\">Carmen Guarneros Villegas, directora de Centros de Desarrollo Comunitario, inform\u00f3 que por quinto a\u00f1o consecutivo se efectuar\u00e1 el tradicional curso denominado \u201cCachiverano\u201d, estimando beneficio para 200 infantes del municipio.<\/p>\n<p>Este \u201cCachiverano\u201d tiene el objetivo promover los derechos de ni\u00f1as, ni\u00f1os y adolescentes, los cuales se encuentran contenidos en los instrumentos jur\u00eddicos internacionales y nacionales.<\/p>\n<p>La socializaci\u00f3n de esta informaci\u00f3n se realizar\u00e1 a trav\u00e9s de actividades l\u00fadicas y el juego como v\u00ednculo para la construcci\u00f3n de una ciudadan\u00eda integral.<\/p>\n<p>Del 28 de junio y hasta el 15 de julio, los padres de familia podr\u00e1n reservar lugares para sus hijos en esta ense\u00f1anza con duraci\u00f3n de 3 semanas.<\/p>\n<p>El horario de impartici\u00f3n ser\u00e1 de 9:00 a 13:00 horas; de lunes a viernes. El curso iniciar\u00e1 oficialmente el 18 de julio para finalizar el d\u00eda 5 de agosto.<\/p>\n<p>El costo del \u201cCachiverano\u201d ser\u00e1 de 250 pesos\u00a0 por ni\u00f1o y la edad para los beneficiarios ser\u00e1 entre 7 y 13 a\u00f1os.<\/p>\n<p>En las tres semanas del curso, se abordar\u00e1n los temas: \u201cBienestar en el mundo\u201d; \u201cMi opini\u00f3n cuenta\u201d; \u201cLa infancia es primero\u201d; \u201cSer feliz\u201d; \u201cLa no discriminaci\u00f3n\u201d, as\u00ed como el \u201cDerecho a una vida libre de violencia\u201d.<\/p>\n<p>Este curso se har\u00e1 extensivo a los pol\u00edgonos Guadalupe; La Ca\u00f1ada, Jaltepec as\u00ed como el parque recreativo El Para\u00edso.<\/p>\n<p>Los padres de familia podr\u00e1n elegir al Pol\u00edgono m\u00e1s cercano y aprovechar este completo curso en el que tambi\u00e9n habr\u00e1 actividades extramuros como una fiesta de color en el parque recreativo El Caracol, reforestaci\u00f3n en ocotillo Huasca y una gran clausura con un viaje al Bioparque estrella en Jilotepec, Estado de M\u00e9xico.<\/p>\n<p>Con esta serie de actividades se favorece que los menores sean m\u00e1s independientes y m\u00e1s preparados para enfrentar los retos de la actualidad.<\/p>\n<p>Por otra parte, en el Parque recreativo la \u201cU\u201d de Napateco se ofrecer\u00e1 un curso de verano con\u00a0 clases de regularizaci\u00f3n, actividades l\u00fadicas y arte-terapia.<\/p>\n<p>Al frente de esta ense\u00f1anza estar\u00e1 un grupo multidisciplinario, que abordar\u00e1 temas de intervenci\u00f3n socio psicoeducativa, para fomentar y estimular aspectos cognitivos, emocionales y sensitivos de ni\u00f1as y ni\u00f1os entre 6 y 12 a\u00f1os.<\/p>\n<p>Para mayor informaci\u00f3n sobre esta variedad de cursos, el tel\u00e9fono de contacto es 7558450 extensi\u00f3n 1135 o bien en el segundo piso de Presidencia Municipal de Tulancingo.<\/p>\n","protected":false},"excerpt":{"rendered":"<p>Tulancingo<\/p>\n","protected":false},"author":93,"featured_media":0,"comment_status":"open","ping_status":"open","sticky":false,"template":"","format":"standard","meta":{"footnotes":""},"categories":[40],"tags":[],"class_list":["post-23907","post","type-post","status-publish","format-standard","hentry","category-region"],"_links":{"self":[{"href":"https:\/\/plazajuarez.mx\/historico\/wp-json\/wp\/v2\/posts\/23907","targetHints":{"allow":["GET"]}}],"collection":[{"href":"https:\/\/plazajuarez.mx\/historico\/wp-json\/wp\/v2\/posts"}],"about":[{"href":"https:\/\/plazajuarez.mx\/historico\/wp-json\/wp\/v2\/types\/post"}],"author":[{"embeddable":true,"href":"https:\/\/plazajuarez.mx\/historico\/wp-json\/wp\/v2\/users\/93"}],"replies":[{"embeddable":true,"href":"https:\/\/plazajuarez.mx\/historico\/wp-json\/wp\/v2\/comments?post=23907"}],"version-history":[{"count":0,"href":"https:\/\/plazajuarez.mx\/historico\/wp-json\/wp\/v2\/posts\/23907\/revisions"}],"wp:attachment":[{"href":"https:\/\/plazajuarez.mx\/historico\/wp-json\/wp\/v2\/media?parent=23907"}],"wp:term":[{"taxonomy":"category","embeddable":true,"href":"https:\/\/plazajuarez.mx\/historico\/wp-json\/wp\/v2\/categories?post=23907"},{"taxonomy":"post_tag","embeddable":true,"href":"https:\/\/plazajuarez.mx\/historico\/wp-json\/wp\/v2\/tags?post=23907"}],"curies":[{"name":"wp","href":"https:\/\/api.w.org\/{rel}","templated":true}]}}