{"id":238997,"date":"2022-11-18T20:45:55","date_gmt":"2022-11-19T02:45:55","guid":{"rendered":"https:\/\/plazajuarez.mx\/?p=238997"},"modified":"2022-11-18T20:52:56","modified_gmt":"2022-11-19T02:52:56","slug":"menchaca_-2","status":"publish","type":"post","link":"https:\/\/plazajuarez.mx\/historico\/menchaca_-2\/","title":{"rendered":"Presenta Menchaca acciones de seguridad en beneficio de las mujeres"},"content":{"rendered":"\n<p class=\"wp-block-paragraph\">Consciente de la deuda hist\u00f3rica que se guarda con las hidalguenses, el gobernador Julio Menchaca puso en marcha acciones en beneficio de la seguridad de las mujeres, \u201cNo se puede eliminar la inseguridad de un plomazo, requiere de un proceso razonado\u201d, enfatiz\u00f3 al lamentar que las instituciones de seguridad se hayan desmantelado en detrimento de la poblaci\u00f3n.<\/p>\n\n\n\n<p class=\"wp-block-paragraph\">Por ello y de la mano de un presupuesto responsable, el mandatario estatal record\u00f3 que la propuesta en materia hacendaria entregada esta ma\u00f1ana al Congreso local, lleva la consigna de atender las problem\u00e1ticas que vulneran el desarrollo integral de las y los hidalguenses.<\/p>\n\n\n\n<p class=\"wp-block-paragraph\">\u201cEs un cambio que, desde nuestras trincheras, combatiremos esa violencia que sistem\u00e1ticamente ha estado presente\u201d, asegur\u00f3 Julio Menchaca al entregar las primeras 16 unidades de la Polic\u00eda Violeta, cuerpo policiaco que entrar\u00e1 en funciones para atender los llamados de emergencia de aquellas mujeres que se encuentren en situaci\u00f3n de riesgo.<\/p>\n\n\n\n<p class=\"wp-block-paragraph\">Salvador Cruz Neri, secretario de Seguridad P\u00fablica, destac\u00f3 que desde el inicio de la transformaci\u00f3n en la entidad, se puso en marcha un plan de trabajo basado en 5 ejes para garantizar la paz y seguridad ciudadana: \u201cHemos desarrollado un plan estrat\u00e9gico para salvaguardar la integridad de las mujeres de Hidalgo, sobresaliendo acciones como: la implementaci\u00f3n de la aplicaci\u00f3n \u2018No m\u00e1s Violencia\u2019, desde donde se podr\u00e1 identificar a la v\u00edctima, as\u00ed como su localizaci\u00f3n al tiempo de recibir a trav\u00e9s del C5i, el video del hecho que podr\u00eda constituir un posible delito en contra de este sector\u201d.<\/p>\n","protected":false},"excerpt":{"rendered":"<p>Consciente de la deuda hist\u00f3rica que se guarda con las hidalguenses, el gobernador Julio Menchaca puso en marcha acciones en beneficio de la seguridad de las mujeres, \u201cNo se puede eliminar la inseguridad de un plomazo, requiere de un proceso razonado\u201d, enfatiz\u00f3 al lamentar que las instituciones de seguridad se hayan desmantelado en detrimento de [&hellip;]<\/p>\n","protected":false},"author":93,"featured_media":238998,"comment_status":"closed","ping_status":"closed","sticky":false,"template":"","format":"standard","meta":{"footnotes":""},"categories":[15,2159,40],"tags":[],"class_list":["post-238997","post","type-post","status-publish","format-standard","has-post-thumbnail","hentry","category-destacadas","category-noticias-de-hidalgo","category-region"],"_links":{"self":[{"href":"https:\/\/plazajuarez.mx\/historico\/wp-json\/wp\/v2\/posts\/238997","targetHints":{"allow":["GET"]}}],"collection":[{"href":"https:\/\/plazajuarez.mx\/historico\/wp-json\/wp\/v2\/posts"}],"about":[{"href":"https:\/\/plazajuarez.mx\/historico\/wp-json\/wp\/v2\/types\/post"}],"author":[{"embeddable":true,"href":"https:\/\/plazajuarez.mx\/historico\/wp-json\/wp\/v2\/users\/93"}],"replies":[{"embeddable":true,"href":"https:\/\/plazajuarez.mx\/historico\/wp-json\/wp\/v2\/comments?post=238997"}],"version-history":[{"count":0,"href":"https:\/\/plazajuarez.mx\/historico\/wp-json\/wp\/v2\/posts\/238997\/revisions"}],"wp:featuredmedia":[{"embeddable":true,"href":"https:\/\/plazajuarez.mx\/historico\/wp-json\/wp\/v2\/media\/238998"}],"wp:attachment":[{"href":"https:\/\/plazajuarez.mx\/historico\/wp-json\/wp\/v2\/media?parent=238997"}],"wp:term":[{"taxonomy":"category","embeddable":true,"href":"https:\/\/plazajuarez.mx\/historico\/wp-json\/wp\/v2\/categories?post=238997"},{"taxonomy":"post_tag","embeddable":true,"href":"https:\/\/plazajuarez.mx\/historico\/wp-json\/wp\/v2\/tags?post=238997"}],"curies":[{"name":"wp","href":"https:\/\/api.w.org\/{rel}","templated":true}]}}