{"id":238981,"date":"2022-11-18T20:06:27","date_gmt":"2022-11-19T02:06:27","guid":{"rendered":"https:\/\/plazajuarez.mx\/?p=238981"},"modified":"2022-11-18T20:12:08","modified_gmt":"2022-11-19T02:12:08","slug":"ballet_","status":"publish","type":"post","link":"https:\/\/plazajuarez.mx\/historico\/ballet_\/","title":{"rendered":"Celebrar\u00e1n aniversarios de ballet folcl\u00f3rico y grupo de baile sal\u00f3n&nbsp;"},"content":{"rendered":"\n<p class=\"wp-block-paragraph\"> 23 de noviembre en el Auditorio Gota de Plata<\/p>\n\n\n\n<p class=\"wp-block-paragraph\">Con una presentaci\u00f3n de Gala, el Instituto de Seguridad y Servicios Sociales de los Trabajadores del Estado (ISSSTE), celebrar\u00e1n el 40 y 27 aniversario del Ballet Folcl\u00f3rico y del Grupo de Baile de Sal\u00f3n, respectivamente, ambos encabezados por el director Arturo Ayala Tovar.<\/p>\n\n\n\n<p class=\"wp-block-paragraph\">Al respecto, la titular de la Subdelegaci\u00f3n de Prestaciones, Ana Lilia del Carmen L\u00f3pez Bolio, inform\u00f3 que la presentaci\u00f3n se realizar\u00e1 el pr\u00f3ximo jueves 24 de noviembre, en punto de las 17:45 horas en el Auditorio Gota de Plata, y la entrada ser\u00e1 gratuita.<\/p>\n\n\n\n<p class=\"wp-block-paragraph\">Manifest\u00f3 que dentro de los n\u00fameros que ser\u00e1n presentados, se integra el del&nbsp; \u201cGrupo de reencuentro\u201d, conformado por exalumnos que pertenecieron a ambos equipos, dijo \u201ccada a\u00f1o se realiza dicha presentaci\u00f3n y nos enorgullece que la Sociedad Hidalguense, pueda ver el trabajo que realizan nuestros jubilados y pensionados del Centro Cultural Plutarco El\u00edas Calles.<\/p>\n\n\n\n<p class=\"wp-block-paragraph\">Respecto al Ballet Folcl\u00f3rico, inici\u00f3 en el mes de septiembre del a\u00f1o 1982, bajo la direcci\u00f3n de Arturo Ayala Tovar, poniendo en alto a las Oficinas de Representaci\u00f3n Estatal. Durante su trayectoria se ha presentado y conquistado primeros lugares a nivel estatal, nacional y en el extranjero.&nbsp;<\/p>\n\n\n\n<p class=\"wp-block-paragraph\">As\u00ed mismo se ha reconocido su trabajo de danza, brind\u00e1ndole el Bast\u00f3n de mando, en los Estados de Tlaxcala y Puebla por la originalidad de sus muestras folcl\u00f3ricas; actualmente est\u00e1 integrado por 25 personas de diferentes edades, llevando las costumbres y&nbsp; tradiciones hidalguenses a todos lados donde se presenta.<\/p>\n\n\n\n<p class=\"wp-block-paragraph\">Mientras que el Grupo de Baile de Sal\u00f3n se fund\u00f3 el 5 de noviembre de 1995, el cual se integra con personas jubiladas y pensionadas de las diferentes instituciones pertenecientes al ISSSTE, es pionero en el estado de Hidalgo; al igual que el Ballet folcl\u00f3rico, se ha presentado en todos los municipios del Estado, a nivel nacional e internacional; y est\u00e1 conformado por 20 integrantes.<\/p>\n","protected":false},"excerpt":{"rendered":"<p>23 de noviembre en el Auditorio Gota de Plata Con una presentaci\u00f3n de Gala, el Instituto de Seguridad y Servicios Sociales de los Trabajadores del Estado (ISSSTE), celebrar\u00e1n el 40 y 27 aniversario del Ballet Folcl\u00f3rico y del Grupo de Baile de Sal\u00f3n, respectivamente, ambos encabezados por el director Arturo Ayala Tovar. Al respecto, la [&hellip;]<\/p>\n","protected":false},"author":73,"featured_media":238982,"comment_status":"closed","ping_status":"closed","sticky":false,"template":"","format":"standard","meta":{"footnotes":""},"categories":[15,59,2159],"tags":[],"class_list":["post-238981","post","type-post","status-publish","format-standard","has-post-thumbnail","hentry","category-destacadas","category-general","category-noticias-de-hidalgo"],"_links":{"self":[{"href":"https:\/\/plazajuarez.mx\/historico\/wp-json\/wp\/v2\/posts\/238981","targetHints":{"allow":["GET"]}}],"collection":[{"href":"https:\/\/plazajuarez.mx\/historico\/wp-json\/wp\/v2\/posts"}],"about":[{"href":"https:\/\/plazajuarez.mx\/historico\/wp-json\/wp\/v2\/types\/post"}],"author":[{"embeddable":true,"href":"https:\/\/plazajuarez.mx\/historico\/wp-json\/wp\/v2\/users\/73"}],"replies":[{"embeddable":true,"href":"https:\/\/plazajuarez.mx\/historico\/wp-json\/wp\/v2\/comments?post=238981"}],"version-history":[{"count":0,"href":"https:\/\/plazajuarez.mx\/historico\/wp-json\/wp\/v2\/posts\/238981\/revisions"}],"wp:featuredmedia":[{"embeddable":true,"href":"https:\/\/plazajuarez.mx\/historico\/wp-json\/wp\/v2\/media\/238982"}],"wp:attachment":[{"href":"https:\/\/plazajuarez.mx\/historico\/wp-json\/wp\/v2\/media?parent=238981"}],"wp:term":[{"taxonomy":"category","embeddable":true,"href":"https:\/\/plazajuarez.mx\/historico\/wp-json\/wp\/v2\/categories?post=238981"},{"taxonomy":"post_tag","embeddable":true,"href":"https:\/\/plazajuarez.mx\/historico\/wp-json\/wp\/v2\/tags?post=238981"}],"curies":[{"name":"wp","href":"https:\/\/api.w.org\/{rel}","templated":true}]}}