{"id":2389,"date":"2015-03-18T06:00:00","date_gmt":"2015-03-18T06:00:00","guid":{"rendered":"http:\/\/plazajuarez.mx\/index\/index.php\/2015\/03\/18\/hidalgo-es-una-de-las-tres-entidades-mas-seguras-del-pais-roberto-campa-cifrian\/"},"modified":"2015-03-18T06:00:00","modified_gmt":"2015-03-18T06:00:00","slug":"hidalgo-es-una-de-las-tres-entidades-mas-seguras-del-pais-roberto-campa-cifrian","status":"publish","type":"post","link":"https:\/\/plazajuarez.mx\/historico\/hidalgo-es-una-de-las-tres-entidades-mas-seguras-del-pais-roberto-campa-cifrian\/","title":{"rendered":"\u201cHidalgo es una de las tres entidades m\u00e1s  seguras del pa\u00eds\u201d: Roberto Campa Cifri\u00e1n"},"content":{"rendered":"<p><strong>Tula de Allende<\/strong><\/p>\n<ul>\n<li><strong>El subsecretario de Prevenci\u00f3n y Participaci\u00f3n Ciudadana de la Secretar\u00eda de Gobernaci\u00f3n, estuvo de visita en Tula de Allende, para inaugurar y supervisar diversas obras deportivas<\/strong><\/li>\n<li><strong><strong>Asegur\u00f3 que el \u00edndice delictivo en general va a la baja<\/strong><\/strong> <!--more--> <\/li>\n<\/ul>\n<p>Roberto Campa Cifri\u00e1n, subsecretario de Prevenci\u00f3n y Participaci\u00f3n Ciudadana de la Secretar\u00eda de Gobernaci\u00f3n, en el marco de su visita a Tula para inaugurar y supervisar diversas obras deportivas, asegur\u00f3 que el \u00edndice delictivo en general va a la baja y que el estado de Hidalgo es unas de las tres entidades m\u00e1s seguras en todo el pa\u00eds.<\/p>\n<p>\u00a0<\/p>\n<p>Campa Cifri\u00e1n record\u00f3 que inicialmente Tula no estaba\u00a0 dentro del programa de prevenci\u00f3n del delito, pero que gracias a las gestiones del gobernador, Francisco Olvera Ruiz, ante el secretario de Gobernaci\u00f3n, Miguel \u00c1ngel Osorio Chong, fue que se revisaron las cifras y desde el a\u00f1o pasado se consider\u00f3 en la aplicaci\u00f3n de recursos extraordinarios.<\/p>\n<p>\u00a0<\/p>\n<p>El funcionario federal asegur\u00f3 que los recursos enfocados a acciones de prevenci\u00f3n del delito durante lo que resta de sexenio para el municipio de Tula se mantendr\u00e1n en los 18 millones de pesos, mismos que se han aplicado en obras y acciones de beneficio directo a los j\u00f3venes.<\/p>\n<p>\u00a0<\/p>\n<p>Coment\u00f3 que el problema de la delincuencia en el pa\u00eds tiene que ver con los j\u00f3venes y que por eso el gobierno de la Rep\u00fablica le est\u00e1 invirtiendo a ese sector al ser m\u00e1s vulnerables al tema de adicci\u00f3n, violencia y delincuencia, por lo que es a ellos a los que se enfoca y orienta el programa.<\/p>\n<p>\u00a0<\/p>\n<p>Dijo que una crisis de violencia como la que se vive en el pa\u00eds, se resuelve con mejor polic\u00eda y mejor justicia, pero que eso no es suficiente \u201cHay que trabajar en el origen de la violencia, en las causas de la violencia y ello nos obliga a trabajar con la poblaci\u00f3n m\u00e1s vulnerable que con los ni\u00f1os, j\u00f3venes y mujeres para que encuentren oportunidades y sean m\u00e1s resistentes a los problemas de violencia y delincuencia\u201d.<\/p>\n<p>\u00a0<\/p>\n<p>Campa Cifri\u00e1n, durante la entrevista con medios, agreg\u00f3 que pese a los hechos de violencia que enfrenta la entidad hidalguense, Hidalgo en el entorno nacional es el tercer estado m\u00e1s seguro de pa\u00eds.<\/p>\n<p>\u00a0<\/p>\n<p>Reconoci\u00f3 que el a\u00f1o pasado se tuvo un \u201cpeque\u00f1o\u201d problema de inseguridad, pero que las cifras van a la baja, no s\u00f3lo por lo que hace a los homicidios, sino al resto de los delitos y que en ese entendido las condiciones en la entidad son mucho mejores al venirse corriendo y mejorando las estrategias de combate a la delincuencia que van de la mano con acciones de prevenci\u00f3n.<\/p>\n<p>\u00a0<\/p>\n<p>Dijo que la exigencia en Hidalgo, en cuanto a la seguridad, es mayor ya que la gente est\u00e1 acostumbrada a vivir en condiciones de tranquilidad, por lo que se han reforzado todas las tareas de seguridad y prevenci\u00f3n, por lo que acud\u00eda a la ciudad de los atlantes a inaugurar y supervisar espacios que se han recuperado para que la poblaci\u00f3n tenga una sana convivencia.<\/p>\n<p>\u00a0<\/p>\n<p>Sobre las obras ejecutadas en Tula por 18 millones de pesos, Campa Cifri\u00e1n, dijo que el programa de Prevenci\u00f3n est\u00e1 siendo transparentado al cien por ciento y que dichos espacios se suman a los 250 construidos nuevos, a los 300 rehabilitados y a los 400 equipados en todo el pa\u00eds, solamente del programa de prevenci\u00f3n del delito y en los que se han invertido alrededor de 700 millones de pesos en el periodo 2013-2014.<\/p>\n<p>\u00a0<\/p>\n<p>Identificando los lugares donde hace m\u00e1s falta, ser\u00e1 ah\u00ed donde se estar\u00e1n haciendo las obras para seguir trabajando en las zonas donde se requiere una transformaci\u00f3n como es el caso de Tula, en 9 localidades que son: Alvarado, Barrio Alto Primera y Segunda Secci\u00f3n, La Malinche, San Jos\u00e9, Jalpa, Loma Blanca, la UHP y la zona centro.<\/p>\n<p>\u00a0<\/p>\n<p>Coment\u00f3 que \u00e9stas fueron seleccionadas a partir de tres criterios: \u00edndice delictivo; informaci\u00f3n de rezago social y de que localidades de origen de la gente que ha entrado a la c\u00e1rcel en los \u00faltimos a\u00f1os.\u00a0\u00a0\u00a0<\/p>\n<p>\u00a0<\/p>\n<p>Finalmente, como parte de la gira de trabajo el funcionario estatal inaugur\u00f3 la Pista de Patinaje ubicada a un costado de la Plaza del Taco. Posteriormente, inaugur\u00f3 y supervis\u00f3 obras y acciones en el Instituto Municipal de la Mujer, la Unidad Deportiva Tula, Cancha de Futbol 7 en Infonavit San Marcos, Centro de Desarrollo Comunitario San Jos\u00e9, Antigua Estaci\u00f3n del Ferrocarril, Remolque de Terapias Alternativas, la Ciclopista Tula Centro-Crest\u00f3n, y la Ciudad de Los Ni\u00f1os en el DIF Crest\u00f3n.<\/p>\n","protected":false},"excerpt":{"rendered":"<p>Tula de Allende El subsecretario de Prevenci\u00f3n y Participaci\u00f3n Ciudadana de la Secretar\u00eda de Gobernaci\u00f3n, estuvo de visita en Tula de Allende, para inaugurar y supervisar diversas obras deportivas Asegur\u00f3 que el \u00edndice delictivo en general va a la baja<\/p>\n","protected":false},"author":93,"featured_media":0,"comment_status":"open","ping_status":"open","sticky":false,"template":"","format":"standard","meta":{"footnotes":""},"categories":[40],"tags":[],"class_list":["post-2389","post","type-post","status-publish","format-standard","hentry","category-region"],"_links":{"self":[{"href":"https:\/\/plazajuarez.mx\/historico\/wp-json\/wp\/v2\/posts\/2389","targetHints":{"allow":["GET"]}}],"collection":[{"href":"https:\/\/plazajuarez.mx\/historico\/wp-json\/wp\/v2\/posts"}],"about":[{"href":"https:\/\/plazajuarez.mx\/historico\/wp-json\/wp\/v2\/types\/post"}],"author":[{"embeddable":true,"href":"https:\/\/plazajuarez.mx\/historico\/wp-json\/wp\/v2\/users\/93"}],"replies":[{"embeddable":true,"href":"https:\/\/plazajuarez.mx\/historico\/wp-json\/wp\/v2\/comments?post=2389"}],"version-history":[{"count":0,"href":"https:\/\/plazajuarez.mx\/historico\/wp-json\/wp\/v2\/posts\/2389\/revisions"}],"wp:attachment":[{"href":"https:\/\/plazajuarez.mx\/historico\/wp-json\/wp\/v2\/media?parent=2389"}],"wp:term":[{"taxonomy":"category","embeddable":true,"href":"https:\/\/plazajuarez.mx\/historico\/wp-json\/wp\/v2\/categories?post=2389"},{"taxonomy":"post_tag","embeddable":true,"href":"https:\/\/plazajuarez.mx\/historico\/wp-json\/wp\/v2\/tags?post=2389"}],"curies":[{"name":"wp","href":"https:\/\/api.w.org\/{rel}","templated":true}]}}