{"id":238872,"date":"2022-11-18T09:34:15","date_gmt":"2022-11-18T15:34:15","guid":{"rendered":"https:\/\/plazajuarez.mx\/?p=238872"},"modified":"2022-11-18T09:34:20","modified_gmt":"2022-11-18T15:34:20","slug":"trabajamos-para-erradicar-la-pobreza-y-marginacion","status":"publish","type":"post","link":"https:\/\/plazajuarez.mx\/historico\/trabajamos-para-erradicar-la-pobreza-y-marginacion\/","title":{"rendered":"\u201cTrabajamos para erradicar la pobreza y marginaci\u00f3n\u201d"},"content":{"rendered":"\n<p>\u201cTrabajamos para erradicar la pobreza y la marginaci\u00f3n de la poblaci\u00f3n de un estado que tiene riqueza en su entorno\u201d, expres\u00f3 durante el enf\u00e1tico mensaje contra la pobreza y la corrupci\u00f3n el gobernador Julio Menchaca Salazar, durante la entrega obras y apoyos a los sectores educativo, acu\u00edcola, vivienda y salud de Orizabita, municipio de Ixmiquilpan.<\/p>\n\n\n\n<p>El jefe del Ejecutivo hidalguense dijo que present\u00f3 ante el Congreso local la iniciativa para la creaci\u00f3n del Instituto Hidalguense para Devolverle al Pueblo lo Robado; por ello solicit\u00f3 el apoyo de diputadas y diputados.&nbsp;<\/p>\n\n\n\n<p>Conden\u00f3 que al paso del tiempo muchos de los recursos p\u00fablicos \u201cse fueron a los bolsillos de muy pocas personas y generaron una gran pobreza\u201d, condici\u00f3n que se &nbsp; va a revertir con un gobierno honesto que combate a la corrupci\u00f3n, adem\u00e1s de abatir el racismo y clasismo.<\/p>\n\n\n\n<p>\u201cAnunciamos hoy una inversi\u00f3n de m\u00e1s de 30 millones de pesos en obra p\u00fablica en salud, en el sector productivo, en educaci\u00f3n\u201d obras que repercuten de manera directa en la vida de miles de personas y que cumplen con uno de los objetivos de la presente administraci\u00f3n: la disminuci\u00f3n de la marginaci\u00f3n, generando mejores condiciones de vida para las y los hidalguenses.<\/p>\n\n\n\n<p>Durante la gira de trabajo, el gobernador Menchaca inaugur\u00f3 el Colegio de Bachilleres del Estado de Hidalgo (Cobaeh) plantel Orizabita, infraestructura con una inversi\u00f3n de casi 15 millones de pesos inform\u00f3 el secretario de Educaci\u00f3n P\u00fablica de la entidad, Natividad Castrej\u00f3n Valdez.<\/p>\n","protected":false},"excerpt":{"rendered":"<p>\u201cTrabajamos para erradicar la pobreza y la marginaci\u00f3n de la poblaci\u00f3n de un estado que tiene riqueza en su entorno\u201d, expres\u00f3 durante el enf\u00e1tico mensaje contra la pobreza y la corrupci\u00f3n el gobernador Julio Menchaca Salazar, durante la entrega obras y apoyos a los sectores educativo, acu\u00edcola, vivienda y salud de Orizabita, municipio de Ixmiquilpan. [&hellip;]<\/p>\n","protected":false},"author":93,"featured_media":238873,"comment_status":"closed","ping_status":"closed","sticky":false,"template":"","format":"standard","meta":{"footnotes":""},"categories":[15,2159,40],"tags":[],"class_list":["post-238872","post","type-post","status-publish","format-standard","has-post-thumbnail","hentry","category-destacadas","category-noticias-de-hidalgo","category-region"],"_links":{"self":[{"href":"https:\/\/plazajuarez.mx\/historico\/wp-json\/wp\/v2\/posts\/238872","targetHints":{"allow":["GET"]}}],"collection":[{"href":"https:\/\/plazajuarez.mx\/historico\/wp-json\/wp\/v2\/posts"}],"about":[{"href":"https:\/\/plazajuarez.mx\/historico\/wp-json\/wp\/v2\/types\/post"}],"author":[{"embeddable":true,"href":"https:\/\/plazajuarez.mx\/historico\/wp-json\/wp\/v2\/users\/93"}],"replies":[{"embeddable":true,"href":"https:\/\/plazajuarez.mx\/historico\/wp-json\/wp\/v2\/comments?post=238872"}],"version-history":[{"count":0,"href":"https:\/\/plazajuarez.mx\/historico\/wp-json\/wp\/v2\/posts\/238872\/revisions"}],"wp:featuredmedia":[{"embeddable":true,"href":"https:\/\/plazajuarez.mx\/historico\/wp-json\/wp\/v2\/media\/238873"}],"wp:attachment":[{"href":"https:\/\/plazajuarez.mx\/historico\/wp-json\/wp\/v2\/media?parent=238872"}],"wp:term":[{"taxonomy":"category","embeddable":true,"href":"https:\/\/plazajuarez.mx\/historico\/wp-json\/wp\/v2\/categories?post=238872"},{"taxonomy":"post_tag","embeddable":true,"href":"https:\/\/plazajuarez.mx\/historico\/wp-json\/wp\/v2\/tags?post=238872"}],"curies":[{"name":"wp","href":"https:\/\/api.w.org\/{rel}","templated":true}]}}