{"id":238852,"date":"2022-11-18T09:21:57","date_gmt":"2022-11-18T15:21:57","guid":{"rendered":"https:\/\/plazajuarez.mx\/?p=238852"},"modified":"2022-11-18T09:22:03","modified_gmt":"2022-11-18T15:22:03","slug":"gobierno-y-semarnat-trabajaran-juntos","status":"publish","type":"post","link":"https:\/\/plazajuarez.mx\/historico\/gobierno-y-semarnat-trabajaran-juntos\/","title":{"rendered":"Gobierno y Semarnat trabajar\u00e1n juntos\u00a0"},"content":{"rendered":"\n<p>Reconocer la deuda hist\u00f3rica que se tiene en materia del cuidado del medio ambiente es el primer paso para poder dar soluciones a temas tan prioritarios que no s\u00f3lo afectan a una regi\u00f3n, sino a generaciones futuras, manifest\u00f3 el gobernador del estado de Hidalgo, Julio Menchaca Salazar, despu\u00e9s de la primera reuni\u00f3n de trabajo que sostuvo con la titular de la Secretar\u00eda de Medio Ambiente y Recursos Naturales (Semarnat), Mar\u00eda Luisa Albores Gonz\u00e1lez.&nbsp;<\/p>\n\n\n\n<p>\u201cEs necesario hacer un trabajo en conjunto y reconocer las afectaciones que se han hecho al medio ambiente y las cuales requieren una atenci\u00f3n inmediata, para poder iniciar con soluciones al menos en las pr\u00f3ximas tres d\u00e9cadas, asegur\u00f3 Menchaca Salazar.&nbsp;<\/p>\n\n\n\n<p>Explic\u00f3 que se tienen varios diagn\u00f3sticos de la situaci\u00f3n del medio ambiente en regiones como Tula \u2013 Tepeji, Huejutla y la Sierra Gorda, sin embargo, no se les ha dado soluci\u00f3n, \u201cpor ello, con un trabajo en conjunto con el gobierno federal se buscar\u00e1n partidas para dar soluci\u00f3n a las problem\u00e1ticas que se tienen desde hace varios a\u00f1os y que al menos las futuras generaciones puedan ver los resultados, porque sabemos que es un tema que no se resuelve de un d\u00eda para otro\u201d.&nbsp;<\/p>\n\n\n\n<p>Durante su encuentro con la titular de Semarnat se abordaron temas sensibles como la Presa Endh\u00f3, la termoel\u00e9ctrica, la industria cementera, los dep\u00f3sitos de residuos s\u00f3lidos y entre otros que afectan a la entidad, por lo que se comprometieron a impulsar la agenda del medio ambiente y buscar los recursos necesarios para materializar los proyectos que permitan a la poblaci\u00f3n vivir en medio ambiente adecuado para su desarrollo y bienestar.<\/p>\n\n\n\n<p>Acompa\u00f1aron al gobernador Menchaca la titular de Semarnat en Hidalgo, M\u00f3nica Mixtega, el procurador del Medio Ambiente en Hidalgo, Hugo Cort\u00e9s Osorno, el titular de la Unidad de Coordinadora de Delegaciones de Semarnat, Rom\u00e1n Hern\u00e1ndez Mart\u00ednez, y Humberto Ad\u00e1n Pe\u00f1a Fuentes, Comisionado Nacional de \u00c1reas Naturales Protegidas.<\/p>\n","protected":false},"excerpt":{"rendered":"<p>Reconocer la deuda hist\u00f3rica que se tiene en materia del cuidado del medio ambiente es el primer paso para poder dar soluciones a temas tan prioritarios que no s\u00f3lo afectan a una regi\u00f3n, sino a generaciones futuras, manifest\u00f3 el gobernador del estado de Hidalgo, Julio Menchaca Salazar, despu\u00e9s de la primera reuni\u00f3n de trabajo que [&hellip;]<\/p>\n","protected":false},"author":93,"featured_media":238853,"comment_status":"closed","ping_status":"closed","sticky":false,"template":"","format":"standard","meta":{"footnotes":""},"categories":[15,59,2159],"tags":[],"class_list":["post-238852","post","type-post","status-publish","format-standard","has-post-thumbnail","hentry","category-destacadas","category-general","category-noticias-de-hidalgo"],"_links":{"self":[{"href":"https:\/\/plazajuarez.mx\/historico\/wp-json\/wp\/v2\/posts\/238852","targetHints":{"allow":["GET"]}}],"collection":[{"href":"https:\/\/plazajuarez.mx\/historico\/wp-json\/wp\/v2\/posts"}],"about":[{"href":"https:\/\/plazajuarez.mx\/historico\/wp-json\/wp\/v2\/types\/post"}],"author":[{"embeddable":true,"href":"https:\/\/plazajuarez.mx\/historico\/wp-json\/wp\/v2\/users\/93"}],"replies":[{"embeddable":true,"href":"https:\/\/plazajuarez.mx\/historico\/wp-json\/wp\/v2\/comments?post=238852"}],"version-history":[{"count":0,"href":"https:\/\/plazajuarez.mx\/historico\/wp-json\/wp\/v2\/posts\/238852\/revisions"}],"wp:featuredmedia":[{"embeddable":true,"href":"https:\/\/plazajuarez.mx\/historico\/wp-json\/wp\/v2\/media\/238853"}],"wp:attachment":[{"href":"https:\/\/plazajuarez.mx\/historico\/wp-json\/wp\/v2\/media?parent=238852"}],"wp:term":[{"taxonomy":"category","embeddable":true,"href":"https:\/\/plazajuarez.mx\/historico\/wp-json\/wp\/v2\/categories?post=238852"},{"taxonomy":"post_tag","embeddable":true,"href":"https:\/\/plazajuarez.mx\/historico\/wp-json\/wp\/v2\/tags?post=238852"}],"curies":[{"name":"wp","href":"https:\/\/api.w.org\/{rel}","templated":true}]}}