{"id":238840,"date":"2022-11-18T09:18:37","date_gmt":"2022-11-18T15:18:37","guid":{"rendered":"https:\/\/plazajuarez.mx\/?p=238840"},"modified":"2022-11-18T09:18:43","modified_gmt":"2022-11-18T15:18:43","slug":"semot-capacita-a-personas-operadoras-del-transporte-publico","status":"publish","type":"post","link":"https:\/\/plazajuarez.mx\/historico\/semot-capacita-a-personas-operadoras-del-transporte-publico\/","title":{"rendered":"Semot capacita a personas operadoras del transporte p\u00fablico"},"content":{"rendered":"\n<p>La Secretar\u00eda de Movilidad y Transporte (Semot), a trav\u00e9s del Sistema de Transporte Convencional de Hidalgo, capacit\u00f3 a m\u00e1s de 270 personas operadoras del transporte p\u00fablico convencional en sus modalidades colectivo e individual, con la finalidad de mejorar su servicio, el cual impacta en la ciudadan\u00eda.<\/p>\n\n\n\n<p>La clausura de los dos d\u00edas de actividades, estuvo a cargo de la titular de la Semot Lyzbeth Robles Guti\u00e9rrez, donde dijo: &#8220;ay\u00fadenme a transformar el transporte p\u00fablico, no m\u00e1s carreritas, ni unidades sucias, si cada quien hace lo que le toca, podemos lograr un Hidalgo con mejor movilidad&#8221;.<\/p>\n\n\n\n<p>&#8220;El gobernador, Julio Menchaca Salazar, ha instruido que para lograr el Hidalgo que queremos, necesitamos unir esfuerzos&#8221;, indic\u00f3 la secretaria de Movilidad y Transporte.<\/p>\n\n\n\n<p>En este primer ejercicio, participaron personas de las organizaciones de Taxis Unidos de San Javier, Federaci\u00f3n Unida de Trabajadores del Volante (FUTV), Ruta 04 San Agust\u00edn Tlaxiaca, Ruta 47 de Pachuca, Organizaci\u00f3n de Transportistas Unidos, Agrupaci\u00f3n Ellite, Confederaci\u00f3n de Operadores Permisionarios Concesionarios de Hidalgo (COPECH), entre otras.<\/p>\n","protected":false},"excerpt":{"rendered":"<p>La Secretar\u00eda de Movilidad y Transporte (Semot), a trav\u00e9s del Sistema de Transporte Convencional de Hidalgo, capacit\u00f3 a m\u00e1s de 270 personas operadoras del transporte p\u00fablico convencional en sus modalidades colectivo e individual, con la finalidad de mejorar su servicio, el cual impacta en la ciudadan\u00eda. La clausura de los dos d\u00edas de actividades, estuvo [&hellip;]<\/p>\n","protected":false},"author":93,"featured_media":238841,"comment_status":"closed","ping_status":"closed","sticky":false,"template":"","format":"standard","meta":{"footnotes":""},"categories":[59,2159],"tags":[],"class_list":["post-238840","post","type-post","status-publish","format-standard","has-post-thumbnail","hentry","category-general","category-noticias-de-hidalgo"],"_links":{"self":[{"href":"https:\/\/plazajuarez.mx\/historico\/wp-json\/wp\/v2\/posts\/238840","targetHints":{"allow":["GET"]}}],"collection":[{"href":"https:\/\/plazajuarez.mx\/historico\/wp-json\/wp\/v2\/posts"}],"about":[{"href":"https:\/\/plazajuarez.mx\/historico\/wp-json\/wp\/v2\/types\/post"}],"author":[{"embeddable":true,"href":"https:\/\/plazajuarez.mx\/historico\/wp-json\/wp\/v2\/users\/93"}],"replies":[{"embeddable":true,"href":"https:\/\/plazajuarez.mx\/historico\/wp-json\/wp\/v2\/comments?post=238840"}],"version-history":[{"count":0,"href":"https:\/\/plazajuarez.mx\/historico\/wp-json\/wp\/v2\/posts\/238840\/revisions"}],"wp:featuredmedia":[{"embeddable":true,"href":"https:\/\/plazajuarez.mx\/historico\/wp-json\/wp\/v2\/media\/238841"}],"wp:attachment":[{"href":"https:\/\/plazajuarez.mx\/historico\/wp-json\/wp\/v2\/media?parent=238840"}],"wp:term":[{"taxonomy":"category","embeddable":true,"href":"https:\/\/plazajuarez.mx\/historico\/wp-json\/wp\/v2\/categories?post=238840"},{"taxonomy":"post_tag","embeddable":true,"href":"https:\/\/plazajuarez.mx\/historico\/wp-json\/wp\/v2\/tags?post=238840"}],"curies":[{"name":"wp","href":"https:\/\/api.w.org\/{rel}","templated":true}]}}