{"id":2388,"date":"2015-03-18T06:00:00","date_gmt":"2015-03-18T06:00:00","guid":{"rendered":"http:\/\/plazajuarez.mx\/index\/index.php\/2015\/03\/18\/policias-estatales-atrapan-a-tres-asaltantes\/"},"modified":"2015-03-18T06:00:00","modified_gmt":"2015-03-18T06:00:00","slug":"policias-estatales-atrapan-a-tres-asaltantes","status":"publish","type":"post","link":"https:\/\/plazajuarez.mx\/historico\/policias-estatales-atrapan-a-tres-asaltantes\/","title":{"rendered":"Polic\u00edas estatales atrapan a tres asaltantes"},"content":{"rendered":"<p>CON ARMAS DE FUEGO, ROBAN 12 MIL PESOS EN TULANCINGO \u00a0<\/p>\n<p><strong>* El afectado, de manera pronta, solicit\u00f3 ayuda y se logr\u00f3 detener a los involucrados <\/strong><\/p>\n<p><strong>* Los ladrones huyeron a bordo de un veh\u00edculo marca Ford Fiesta negro<\/strong><\/p>\n<p><strong>* Durante la acci\u00f3n, los agentes polic\u00edacos aseguraron dos pistolas calibre 38<\/strong><\/p>\n<p>  <!--more-->  <\/p>\n<p>\u00a0<\/p>\n<p>La oportuna intervenci\u00f3n de elementos de la Coordinaci\u00f3n de Seguridad Estatal que comanda Roberto Cordero Mercado, permiti\u00f3 asegurar a tres presuntos delincuentes, que momentos antes perpetraron un violento asalto a mano armada en un establecimiento comercial, en el municipio de Tulancingo.<\/p>\n<p>De ello la Secretar\u00eda de Seguridad P\u00fablica que dirige Alfredo Ahedo Mayorga inform\u00f3 que una persona de g\u00e9nero masculino report\u00f3 que lo acababan de asaltar y robar en su establecimiento comercial con raz\u00f3n social Tienda s\u00faper casa del ahorro.<\/p>\n<p>Por ello se dio de manera inmediata la movilizaci\u00f3n de los efectivos polic\u00edacos, que se trasladaron al lugar de los hechos, donde tambi\u00e9n hicieron presencia elementos de la Polic\u00eda Municipal de Tulancingo, quienes tomaron conocimiento del atraco.<\/p>\n<p>Luego de que los agentes estatales entrevistaron a la parte afectada se supo que el il\u00edcito lo cometieron tres personas de g\u00e9nero masculino quienes portaban armas de fuego, los cuales lo amagaron y lo sometieron para despojarlo de 12 mil pesos en efectivo.<\/p>\n<p>El denunciante record\u00f3 a los efectivos policiales que los tres individuos, luego de apoderarse del dinero lo amenazaron y se dieron a la fuga con rumbo desconocido, a bordo de un veh\u00edculo marca Ford, tipo Fiesta, color negro.<\/p>\n<p>Con la informaci\u00f3n los oficiales implementaron un operativo de localizaci\u00f3n y b\u00fasqueda, lo que permiti\u00f3 detectar que sobre el circuito Chapultepec, con direcci\u00f3n al bulevar Emiliano Zapata, a la altura de la calle Cantera circulaba un veh\u00edculo con las caracter\u00edsticas descritas.<\/p>\n<p>De manera pronta, los efectivos polic\u00edacos se dieron a la persecuci\u00f3n de la unidad que circulaba a exceso de velocidad y al darle alcance mediante altoparlante, los agentes le ordenaron a quien iba al volante que detuviera su marcha, sin embargo, hizo caso omiso e imprimi\u00f3 mayor velocidad.<\/p>\n<p>Por ello los polic\u00edas estatales intensificaron la persecuci\u00f3n, logrando darle alcance a la unidad sobre la calle San Luis Potos\u00ed, a la altura de la colonia Industrial, forzando la detenci\u00f3n del veh\u00edculo, del cual descendieron tres personas de g\u00e9nero masculino, quienes comenzaron a agredir a los agentes tanto f\u00edsica como verbalmente.<\/p>\n<p>No obstante a la actitud agresiva, los guardianes de la ley controlaron la situaci\u00f3n, para posteriormente proceder a realizarles una revisi\u00f3n de rutina, mediante la cual se percataron de manera inmediata que dos de ellos se encontraban armados.<\/p>\n<p>Fue as\u00ed como se procedi\u00f3 a la detenci\u00f3n de los tres individuos, quienes manifestaron ser vecinos del Estado de Puebla, a los cuales se les solicit\u00f3 mostraran el permiso para la portaci\u00f3n de las armas de fuego, pero la respuesta de ellos, fue que no contaban con ning\u00fan documento.<\/p>\n<p>Seguidamente, los agentes aseguraron en el lugar el veh\u00edculo marca Ford Fiesta, modelo 2010, color negro, con placas de circulaci\u00f3n 408-UEA, particulares del Distrito Federal, adem\u00e1s de las dos armas de fuego, calibre 38 as\u00ed como 9 cartuchos \u00fatiles del miso calibre, todo ello al igual que las tres personas detenidas, fueron puestas a disposici\u00f3n del agente del Ministerio P\u00fablico de la Federaci\u00f3n para los tr\u00e1mites correspondientes, donde la parte afectada pidi\u00f3 se obre conforme a la ley en contra de los presuntos asaltantes.<\/p>\n","protected":false},"excerpt":{"rendered":"<p>CON ARMAS DE FUEGO, ROBAN 12 MIL PESOS EN TULANCINGO \u00a0 * El afectado, de manera pronta, solicit\u00f3 ayuda y se logr\u00f3 detener a los involucrados * Los ladrones huyeron a bordo de un veh\u00edculo marca Ford Fiesta negro * Durante la acci\u00f3n, los agentes polic\u00edacos aseguraron dos pistolas calibre 38<\/p>\n","protected":false},"author":93,"featured_media":0,"comment_status":"open","ping_status":"open","sticky":false,"template":"","format":"standard","meta":{"footnotes":""},"categories":[37],"tags":[],"class_list":["post-2388","post","type-post","status-publish","format-standard","hentry","category-barandilla"],"_links":{"self":[{"href":"https:\/\/plazajuarez.mx\/historico\/wp-json\/wp\/v2\/posts\/2388","targetHints":{"allow":["GET"]}}],"collection":[{"href":"https:\/\/plazajuarez.mx\/historico\/wp-json\/wp\/v2\/posts"}],"about":[{"href":"https:\/\/plazajuarez.mx\/historico\/wp-json\/wp\/v2\/types\/post"}],"author":[{"embeddable":true,"href":"https:\/\/plazajuarez.mx\/historico\/wp-json\/wp\/v2\/users\/93"}],"replies":[{"embeddable":true,"href":"https:\/\/plazajuarez.mx\/historico\/wp-json\/wp\/v2\/comments?post=2388"}],"version-history":[{"count":0,"href":"https:\/\/plazajuarez.mx\/historico\/wp-json\/wp\/v2\/posts\/2388\/revisions"}],"wp:attachment":[{"href":"https:\/\/plazajuarez.mx\/historico\/wp-json\/wp\/v2\/media?parent=2388"}],"wp:term":[{"taxonomy":"category","embeddable":true,"href":"https:\/\/plazajuarez.mx\/historico\/wp-json\/wp\/v2\/categories?post=2388"},{"taxonomy":"post_tag","embeddable":true,"href":"https:\/\/plazajuarez.mx\/historico\/wp-json\/wp\/v2\/tags?post=2388"}],"curies":[{"name":"wp","href":"https:\/\/api.w.org\/{rel}","templated":true}]}}