{"id":238713,"date":"2022-11-17T09:47:59","date_gmt":"2022-11-17T15:47:59","guid":{"rendered":"https:\/\/plazajuarez.mx\/?p=238713"},"modified":"2022-11-17T09:48:04","modified_gmt":"2022-11-17T15:48:04","slug":"carta-al-cielo","status":"publish","type":"post","link":"https:\/\/plazajuarez.mx\/historico\/carta-al-cielo\/","title":{"rendered":"Carta al cielo"},"content":{"rendered":"\n<h2 class=\"wp-block-heading\"><em>Letras y Memorias<\/em><\/h2>\n\n\n\n<p>Abuelo:<\/p>\n\n\n\n<p>Hace tiempo no hablamos, y eso me resulta muy preocupante, porque, por lapsos, me da miedo olvidarte y que me olvides tambi\u00e9n. Aunque algo debes saber: todav\u00eda atesoro muchas de las ense\u00f1anzas que me diste y, trato de no perder en el tiempo las memorias que me toc\u00f3 crear a tu lado, mientras sosten\u00edas mi mano o me cargabas para subirme al caballo.&nbsp;<\/p>\n\n\n\n<p>Eso s\u00ed, el peque\u00f1o viol\u00edn que me compraste cuando fuimos a peregrinar por templos cat\u00f3licos, hace varios a\u00f1os que dej\u00f3 de existir, se rompi\u00f3 mientras jugaba luchas con Lalo, as\u00ed que, pido disculpas. En mi defensa, si hubiera sabido que ya no te ver\u00eda m\u00e1s, seguramente lo habr\u00eda guardado y hubiese sido un artefacto intocable, pero no supe, nadie sab\u00eda en realidad.&nbsp;<\/p>\n\n\n\n<p>Si me hubieran contado c\u00f3mo habr\u00eda de vivir los \u00faltimos a\u00f1os en los que por caprichos divinos, ya no has estado ac\u00e1, quiz\u00e1 no creer\u00eda lo dif\u00edcil que se vuelve este asunto de estar vivo y crecer de a poco. Naturalmente no todo ha sido complejo pues, dentro de lo turbulento o escabroso del camino, he gozado igual de gran dicha.<\/p>\n\n\n\n<p>Eso s\u00ed, te perdiste mis premios como goleador, primero representando a Coacalco, y despu\u00e9s en mi aventura en las infantiles de los Rojinegros del Atlas. Lalo tambi\u00e9n estuvo ah\u00ed, ambos disfrutamos mucho de entrenar y jugar los s\u00e1bados; mis pap\u00e1s siempre nos apoyaron, y creo que eso es algo que seguro te deja tranquilo all\u00e1 donde est\u00e1s ahora. El f\u00fatbol me apasion\u00f3 desde que pude comenzar a caminar y correr tras un bal\u00f3n. y aunque no cumpl\u00ed ese sue\u00f1o de ganar un Mundial mientras la familia entera se emocionaba, cre\u00e9me que a\u00fan hay metas que cumplir.<\/p>\n\n\n\n<p>Trat\u00e9 de seguir tan listo como me recuerdas, hubo muchos diplomas y reconocimientos, y viv\u00ed una infancia feliz pese a todo; creo que a\u00fan hay algo de ese ni\u00f1o en m\u00ed, y si no, te prometo que volver\u00e9 a la ra\u00edz para no olvidar los d\u00edas fr\u00edos en Los Girasoles.<\/p>\n\n\n\n<p>Siguiendo tu tradici\u00f3n, hubo muchas ocasiones en las que no pagu\u00e9 por un corte de cabello. T\u00fa sol\u00edas \u201chacerme el pelo\u201d cuando ten\u00edas tiempo, y en fechas recientes, mi hermano y mi amigo Pablo se llegaron a encargar de ello. Adem\u00e1s, mantengo presente un poco de tu esp\u00edritu agricultor; vamos que, tal vez ya no siembro mis frijolitos o ma\u00edces pero, todav\u00eda s\u00e9 c\u00f3mo hacerlo.&nbsp;<\/p>\n\n\n\n<p>\u00a1Pas\u00f3 algo incre\u00edble! Conoc\u00ed San Miguel. Tomamos el coche y junto a mi t\u00edo Benito y mi t\u00edo Miguel, fuimos a visitar tu pueblito. Casi quise comprar una de las tejas de la casa donde viv\u00edas con la abuela y mi mam\u00e1, pero no hab\u00edan pagado la quincena en mi trabajo y decid\u00ed dejarlo para otra ocasi\u00f3n. No s\u00e9 por qu\u00e9 de ni\u00f1o nunca me llevaste a tu pueblo, el lugar me encant\u00f3 y seguro que hace 25 a\u00f1os, igual me habr\u00eda fascinado tener todo ese espacio para m\u00ed solo. Promet\u00ed volver a San Miguel para mantener vivos los recuerdos y andar por sus caminos y veredas, justo como si me acompa\u00f1aras t\u00fa.&nbsp;<\/p>\n\n\n\n<p>\u00bfRecuerdas cuando me emborrach\u00e9 contigo? Ahora que lo pienso, no tiene mucha gracia que un ni\u00f1o hiciera eso pero, en aquel momento fue como ser un hombre haciendo que los vasos sonaran en compa\u00f1\u00eda de su h\u00e9roe. Claro que he seguido con tal \u00e1nimo, a veces por gusto y otras m\u00e1s por nostalgia pero, intentando cuidarme para vivir mucho como t\u00fa.&nbsp;<\/p>\n\n\n\n<p>Reviso justo ahora el calendario y no termino de asimilar que hace casi dos d\u00e9cadas ya no est\u00e1s ac\u00e1. En ese tiempo, me rompieron el coraz\u00f3n muchas veces, pero sigo necio y me aferro a amar hasta que el pecho ya no lata m\u00e1s; dej\u00e9 un poco de lado mis comienzos poblanos y ahora, luego de nueve a\u00f1os viviendo en Pachuca, me siento tan hidalguense como t\u00fa, tan festivo al o\u00edr huapangos como cuando sonaban en tu radio.&nbsp;<\/p>\n\n\n\n<p>Logr\u00e9 hacer una carrera y adem\u00e1s, trabajo haciendo lo que me gusta y junto a amigos a quienes admiro mucho, habr\u00eda sido b\u00e1rbaro que conocieras a todos ellos, \u00a1unos cuantos pulques s\u00ed te habr\u00edan aguantado!&nbsp;<\/p>\n\n\n\n<p>Hemos estado bien, la abuela vive con nosotros y, aunque a veces no le tengo paciencia, trato de cuidarla como s\u00e9 que t\u00fa lo hubieras hecho. S\u00e9 que con eso no basta pero, trato de mejorar, siempre trato aunque a veces las cosas no se me dan.<\/p>\n\n\n\n<p>Prometo seguir as\u00ed, prometo intentar m\u00e1s, esforzarme m\u00e1s y hacer m\u00e1s, s\u00e9 que desde donde sea que andes, sonr\u00edes porque pese al tiempo, puedes saberte orgulloso de m\u00ed; prometo tambi\u00e9n escribirte m\u00e1s seguido para que no nos olvidemos uno del otro. Pero, sobre todo, prometo vivir record\u00e1ndote con gran felicidad.&nbsp;<\/p>\n\n\n\n<p><strong>Te quiere y extra\u00f1a, tu Chefo.<\/strong><br><strong>Postdata: <\/strong><em>Ya no me gusta la Coca, as\u00ed que cuando nos encontremos, brindaremos con dos jarros de pulque.<\/em><\/p>\n","protected":false},"excerpt":{"rendered":"<p>Letras y Memorias Abuelo: Hace tiempo no hablamos, y eso me resulta muy preocupante, porque, por lapsos, me da miedo olvidarte y que me olvides tambi\u00e9n. Aunque algo debes saber: todav\u00eda atesoro muchas de las ense\u00f1anzas que me diste y, trato de no perder en el tiempo las memorias que me toc\u00f3 crear a tu [&hellip;]<\/p>\n","protected":false},"author":95,"featured_media":234892,"comment_status":"closed","ping_status":"closed","sticky":false,"template":"","format":"standard","meta":{"footnotes":""},"categories":[42,84],"tags":[],"class_list":["post-238713","post","type-post","status-publish","format-standard","has-post-thumbnail","hentry","category-nuestrapalabra","category-osmar-eslava-marquez"],"_links":{"self":[{"href":"https:\/\/plazajuarez.mx\/historico\/wp-json\/wp\/v2\/posts\/238713","targetHints":{"allow":["GET"]}}],"collection":[{"href":"https:\/\/plazajuarez.mx\/historico\/wp-json\/wp\/v2\/posts"}],"about":[{"href":"https:\/\/plazajuarez.mx\/historico\/wp-json\/wp\/v2\/types\/post"}],"author":[{"embeddable":true,"href":"https:\/\/plazajuarez.mx\/historico\/wp-json\/wp\/v2\/users\/95"}],"replies":[{"embeddable":true,"href":"https:\/\/plazajuarez.mx\/historico\/wp-json\/wp\/v2\/comments?post=238713"}],"version-history":[{"count":0,"href":"https:\/\/plazajuarez.mx\/historico\/wp-json\/wp\/v2\/posts\/238713\/revisions"}],"wp:featuredmedia":[{"embeddable":true,"href":"https:\/\/plazajuarez.mx\/historico\/wp-json\/wp\/v2\/media\/234892"}],"wp:attachment":[{"href":"https:\/\/plazajuarez.mx\/historico\/wp-json\/wp\/v2\/media?parent=238713"}],"wp:term":[{"taxonomy":"category","embeddable":true,"href":"https:\/\/plazajuarez.mx\/historico\/wp-json\/wp\/v2\/categories?post=238713"},{"taxonomy":"post_tag","embeddable":true,"href":"https:\/\/plazajuarez.mx\/historico\/wp-json\/wp\/v2\/tags?post=238713"}],"curies":[{"name":"wp","href":"https:\/\/api.w.org\/{rel}","templated":true}]}}