{"id":238690,"date":"2022-11-17T09:25:30","date_gmt":"2022-11-17T15:25:30","guid":{"rendered":"https:\/\/plazajuarez.mx\/?p=238690"},"modified":"2022-11-17T09:25:39","modified_gmt":"2022-11-17T15:25:39","slug":"que-onda-con-la-marcha-de-amlo","status":"publish","type":"post","link":"https:\/\/plazajuarez.mx\/historico\/que-onda-con-la-marcha-de-amlo\/","title":{"rendered":"\u00bfQU\u00c9 ONDA CON LA MARCHA DE AMLO?"},"content":{"rendered":"\n<h2 class=\"wp-block-heading\"><em>ALFIL NEGRO<\/em><\/h2>\n\n\n\n<p>Para el domingo 27 de este mes, el Presidente de la Rep\u00fablica anunci\u00f3 una marcha en la que estar\u00e1 presente partiendo del \u00c1ngel de la Independencia hasta llegar al Z\u00f3calo con motivo del cuarto a\u00f1o de su gobierno, precisando que es el domingo 27 porque el jueves primero de diciembre, que es la fecha de aniversario de su toma de posesi\u00f3n, imped\u00eda la participaci\u00f3n de muchos.<\/p>\n\n\n\n<p>Al final de la marcha y ya en el Z\u00f3calo, el Presidente dar\u00e1 un informe de su administraci\u00f3n con otros anuncios de la pol\u00edtica nacional.<\/p>\n\n\n\n<p>Si bien el Jefe de la Naci\u00f3n no habl\u00f3 de confrontaci\u00f3n con quienes marcharon en defensa del INE, sus seguidores y comentaristas obradoristas se han encargado de darle a esta marcha una cara hasta de revancha y de exhibici\u00f3n de fuerza y de poder por la cantidad de gente que, dicen, van a reunir, puntualizando en todo momento que la marcha mostrar\u00e1 el gran apoyo que tiene el Presidente.<\/p>\n\n\n\n<p>Cada quien interpreta como le parece esta marcha.<\/p>\n\n\n\n<p>Pero lo que se nota y se ve ya, es el crecimiento de la divisi\u00f3n de la ciudadan\u00eda, de tal manera que la unidad tan necesaria para poder crecer y encontrar caminos de salida a los graves problemas del pa\u00eds, no se ve por ning\u00fan lado, y s\u00ed por el contrario la radicalizaci\u00f3n de los dos grupos ya muy clara: los que apoyan con todo al Presidente y los que le exigen otra forma de conducta.<\/p>\n\n\n\n<p>La verdad no parece que fuera urgente la marcha y que lo prudente era hacer el informe del cuarto a\u00f1o en el Z\u00f3calo, que seguramente estar\u00e1 a tope con una gran cantidad de ciudadanos, que contados por Batres pueden llegar a cantidades muy altas o muy bajas seg\u00fan convenga, como qued\u00f3 demostrado con las cuentas que hizo de la marcha a favor del INE, donde dice que cont\u00f3 unas 12 mil personas, mientras que otros hablan hasta de m\u00e1s de 600 mil.<\/p>\n\n\n\n<p>Habr\u00e1 mucha gente sin duda alguna, porque de acuerdo a lo que se dice se mueve todo el aparato de gobierno y de Morena para lograrlo, y de ese modo poder gritarle en la cara a los de la otra marcha, que ellos para empezar s\u00ed fueron al Z\u00f3calo y lo llenaron y que son muchos los que apoyan al Presidente en todo.<\/p>\n\n\n\n<p>Todo indica que la marcha del INE provoc\u00f3 esta reacci\u00f3n, la de la marcha del 27 y que es el objetivo de la misma, simplemente para dar muestra de la fuerza que se tiene y del poder de convocatoria, aunque muchos de los asistentes lo hagan porque as\u00ed les conviene y en muchos casos por obligaci\u00f3n.<\/p>\n\n\n\n<p>\u00bfBeneficia al pa\u00eds? Parece que no. Porque lejos de fortalecer la unidad incrementa la zanja que divide a los mexicanos.<\/p>\n\n\n\n<p>Es de esperarse que despu\u00e9s de la marcha con muchas fotograf\u00edas donde se vean multitudes, se subraye la presencia de miles de ciudadanos, como para mostrar que fueron m\u00e1s ellos que los otros.<\/p>\n\n\n\n<p>Y mientras se da esta marcha, muchos de los problemas del pa\u00eds siguen esperando una respuesta, particularmente el de la seguridad que con cada d\u00eda que pasa crece en su carencia por todos lados.<\/p>\n\n\n\n<p><strong>Desde luego la opini\u00f3n m\u00e1s importante sobre esta marcha es la de usted.<\/strong><\/p>\n","protected":false},"excerpt":{"rendered":"<p>ALFIL NEGRO Para el domingo 27 de este mes, el Presidente de la Rep\u00fablica anunci\u00f3 una marcha en la que estar\u00e1 presente partiendo del \u00c1ngel de la Independencia hasta llegar al Z\u00f3calo con motivo del cuarto a\u00f1o de su gobierno, precisando que es el domingo 27 porque el jueves primero de diciembre, que es la [&hellip;]<\/p>\n","protected":false},"author":83,"featured_media":234680,"comment_status":"closed","ping_status":"closed","sticky":false,"template":"","format":"standard","meta":{"footnotes":""},"categories":[48,42],"tags":[],"class_list":["post-238690","post","type-post","status-publish","format-standard","has-post-thumbnail","hentry","category-adalberto-peralta","category-nuestrapalabra"],"_links":{"self":[{"href":"https:\/\/plazajuarez.mx\/historico\/wp-json\/wp\/v2\/posts\/238690","targetHints":{"allow":["GET"]}}],"collection":[{"href":"https:\/\/plazajuarez.mx\/historico\/wp-json\/wp\/v2\/posts"}],"about":[{"href":"https:\/\/plazajuarez.mx\/historico\/wp-json\/wp\/v2\/types\/post"}],"author":[{"embeddable":true,"href":"https:\/\/plazajuarez.mx\/historico\/wp-json\/wp\/v2\/users\/83"}],"replies":[{"embeddable":true,"href":"https:\/\/plazajuarez.mx\/historico\/wp-json\/wp\/v2\/comments?post=238690"}],"version-history":[{"count":0,"href":"https:\/\/plazajuarez.mx\/historico\/wp-json\/wp\/v2\/posts\/238690\/revisions"}],"wp:featuredmedia":[{"embeddable":true,"href":"https:\/\/plazajuarez.mx\/historico\/wp-json\/wp\/v2\/media\/234680"}],"wp:attachment":[{"href":"https:\/\/plazajuarez.mx\/historico\/wp-json\/wp\/v2\/media?parent=238690"}],"wp:term":[{"taxonomy":"category","embeddable":true,"href":"https:\/\/plazajuarez.mx\/historico\/wp-json\/wp\/v2\/categories?post=238690"},{"taxonomy":"post_tag","embeddable":true,"href":"https:\/\/plazajuarez.mx\/historico\/wp-json\/wp\/v2\/tags?post=238690"}],"curies":[{"name":"wp","href":"https:\/\/api.w.org\/{rel}","templated":true}]}}