{"id":238633,"date":"2022-11-16T13:47:42","date_gmt":"2022-11-16T19:47:42","guid":{"rendered":"https:\/\/plazajuarez.mx\/?p=238633"},"modified":"2022-11-16T13:47:50","modified_gmt":"2022-11-16T19:47:50","slug":"amlo_-4","status":"publish","type":"post","link":"https:\/\/plazajuarez.mx\/historico\/amlo_-4\/","title":{"rendered":"\u00bfAlg\u00fan presidente ha marchado en su sexenio como AMLO?"},"content":{"rendered":"\n<p class=\"wp-block-paragraph\"> El presidente Andr\u00e9s Manuel L\u00f3pez Obrador inform\u00f3 que encabezar\u00e1 una marcha del \u00c1ngel de la Independencia al Z\u00f3calo el pr\u00f3ximo 27 de noviembre con motivo de su cuarto a\u00f1o de gobierno.<\/p>\n\n\n\n<p class=\"wp-block-paragraph\">En su conferencia ma\u00f1anera, L\u00f3pez Obrador dijo que habr\u00e1 una marcha y posteriormente el informe de Gobierno.<\/p>\n\n\n\n<p class=\"wp-block-paragraph\">AMLO es un personaje acostumbrado a las marchas y a la movilizaci\u00f3n, como base de su movimiento. Sin embargo, no es com\u00fan que los presidentes de M\u00e9xico salgan a encabezar una marcha desde el poder.<\/p>\n\n\n\n<p class=\"wp-block-paragraph\">En los recientes sexenios de Enrique Pe\u00f1a Nieto, Felipe Calder\u00f3n, Vicente Fox, Ernesto Zedillo o Carlos Salinas de Gortari ninguno ha encabezado una marcha en torno a su figura.<\/p>\n\n\n\n<p class=\"wp-block-paragraph\">&#8212;Respuesta la marcha por el INE<\/p>\n\n\n\n<p class=\"wp-block-paragraph\">Apenas el domingo 13 de noviembre pasado, miles de personas salieron a manifestarse en contra de la propuesta de reforma electoral del Presidente, lo que gener\u00f3 toda clase de comentarios desde Palacio Nacional.<\/p>\n\n\n\n<p class=\"wp-block-paragraph\">De forma sarc\u00e1stica, el presidente Andr\u00e9s Manuel L\u00f3pez Obrador calific\u00f3 como &#8220;fin\u00edsimas personas&#8221; a los pol\u00edticos de oposici\u00f3n que marcharon juntos el domingo pasado en contra de su reforma electoral y en defensa del INE.<\/p>\n\n\n\n<p class=\"wp-block-paragraph\">Pero m\u00e1s all\u00e1 de la guerra de marchas entre la oposici\u00f3n y Morena, en el mundo tampoco hay registro de alg\u00fan mandatario que haya realizado una marcha como la anunciada por AMLO hoy.<\/p>\n\n\n\n<p class=\"wp-block-paragraph\">Por ejemplo, algunos presidentes o exmandatarios, como Fidel Castro o Nicol\u00e1s Maduro, han encabezado marchas en contra de las pol\u00edticas de Estados Unidos.<\/p>\n\n\n\n<p class=\"wp-block-paragraph\">En junio del 2022, Castro encabez\u00f3 una movilizaci\u00f3n en La Habana en contra de las pol\u00edticas migratorias de Estados Unidos, luego de que ocho cubanos huyeron de la isla con destino a la uni\u00f3n americana y en reclamo, el gobierno de Fidel exig\u00eda que fueran devueltos los cubanos y la aeronave por ser parte de lo que consideraban un &#8220;secuestro&#8221;, lo que motiv\u00f3 la marcha.<\/p>\n\n\n\n<p class=\"wp-block-paragraph\">Por su parte, Maduro convoc\u00f3 a la llamada &#8220;Marcha Antiimperialista por la Paz&#8221; en el 2019, supuestamente para &#8220;condenar los ataques contra el Sistema El\u00e9ctrico y los servicios b\u00e1sicos&#8221;, pero \u00e9l no encabez\u00f3 la protesta.<\/p>\n","protected":false},"excerpt":{"rendered":"<p>El presidente Andr\u00e9s Manuel L\u00f3pez Obrador inform\u00f3 que encabezar\u00e1 una marcha del \u00c1ngel de la Independencia al Z\u00f3calo el pr\u00f3ximo 27 de noviembre con motivo de su cuarto a\u00f1o de gobierno. En su conferencia ma\u00f1anera, L\u00f3pez Obrador dijo que habr\u00e1 una marcha y posteriormente el informe de Gobierno. AMLO es un personaje acostumbrado a las [&hellip;]<\/p>\n","protected":false},"author":81,"featured_media":238485,"comment_status":"closed","ping_status":"closed","sticky":false,"template":"","format":"standard","meta":{"footnotes":""},"categories":[36],"tags":[],"class_list":["post-238633","post","type-post","status-publish","format-standard","has-post-thumbnail","hentry","category-nacion"],"_links":{"self":[{"href":"https:\/\/plazajuarez.mx\/historico\/wp-json\/wp\/v2\/posts\/238633","targetHints":{"allow":["GET"]}}],"collection":[{"href":"https:\/\/plazajuarez.mx\/historico\/wp-json\/wp\/v2\/posts"}],"about":[{"href":"https:\/\/plazajuarez.mx\/historico\/wp-json\/wp\/v2\/types\/post"}],"author":[{"embeddable":true,"href":"https:\/\/plazajuarez.mx\/historico\/wp-json\/wp\/v2\/users\/81"}],"replies":[{"embeddable":true,"href":"https:\/\/plazajuarez.mx\/historico\/wp-json\/wp\/v2\/comments?post=238633"}],"version-history":[{"count":0,"href":"https:\/\/plazajuarez.mx\/historico\/wp-json\/wp\/v2\/posts\/238633\/revisions"}],"wp:featuredmedia":[{"embeddable":true,"href":"https:\/\/plazajuarez.mx\/historico\/wp-json\/wp\/v2\/media\/238485"}],"wp:attachment":[{"href":"https:\/\/plazajuarez.mx\/historico\/wp-json\/wp\/v2\/media?parent=238633"}],"wp:term":[{"taxonomy":"category","embeddable":true,"href":"https:\/\/plazajuarez.mx\/historico\/wp-json\/wp\/v2\/categories?post=238633"},{"taxonomy":"post_tag","embeddable":true,"href":"https:\/\/plazajuarez.mx\/historico\/wp-json\/wp\/v2\/tags?post=238633"}],"curies":[{"name":"wp","href":"https:\/\/api.w.org\/{rel}","templated":true}]}}