{"id":238630,"date":"2022-11-16T13:42:18","date_gmt":"2022-11-16T19:42:18","guid":{"rendered":"https:\/\/plazajuarez.mx\/?p=238630"},"modified":"2022-11-16T13:42:24","modified_gmt":"2022-11-16T19:42:24","slug":"clara_chia-2","status":"publish","type":"post","link":"https:\/\/plazajuarez.mx\/historico\/clara_chia-2\/","title":{"rendered":"Amiga de Clara Ch\u00eda revela por qu\u00e9 Piqu\u00e9 abandon\u00f3 a Shakira"},"content":{"rendered":"\n<p class=\"wp-block-paragraph\">Aunque la ruptura entre Shakira y Gerard Piqu\u00e9 trascendi\u00f3 desde mayo, siguen aumentando las especulaciones sobre los motivos que llevaron a la pareja a separarse, pues eran considerados como una de las relaciones m\u00e1s estables del mundo del espect\u00e1culo, sin embargo, una de los bombazos que m\u00e1s impact\u00f3 a la audiencia fue la joven conquista de Piqu\u00e9: Clara Ch\u00eda a quien muchos se\u00f1alan como la tercera en discordia. Ahora, es una amiga cercana a la estudiante quien revel\u00f3 los supuestos motivos de la &#8220;elecci\u00f3n del futbolista&#8221; entre las dos mujeres.<\/p>\n\n\n\n<p class=\"wp-block-paragraph\">Recordemos que la cantante y el defensa mantuvieron una relaci\u00f3n por 12 a\u00f1os, ya que se conocieron en la Copa del Mundo Sud\u00e1frica 2010 e incluso formaron una familia, pero todo cambi\u00f3 cuando se vieron envueltos en la pol\u00e9mica por infidelidades.<\/p>\n\n\n\n<p class=\"wp-block-paragraph\">Si bien ninguno de los dos ha negado o confirmado las versiones, lo cierto es que a Piqu\u00e9 se le ha captado feliz con la mujer de 23 a\u00f1os, viajando a algunas partes de Europa y tambi\u00e9n con algunos gestos rom\u00e1nticos durante la despedida del jugador de su quipo Barcelona, que se llev\u00f3 a cabo hace una semana.<\/p>\n\n\n\n<p class=\"wp-block-paragraph\">&#8212;La raz\u00f3n que explicar\u00eda por qu\u00e9 Piqu\u00e9 dej\u00f3 a Shakira<\/p>\n\n\n\n<p class=\"wp-block-paragraph\">Y es que a algunos les pareci\u00f3 extra\u00f1o que Piqu\u00e9 decidiera dejar ir a la colombiana debido a que es vista como una de las mujeres m\u00e1s deseadas del medio.<\/p>\n\n\n\n<p class=\"wp-block-paragraph\">De acuerdo con Gemma Iglesias (amiga de la espa\u00f1ola), el deportista qued\u00f3 flechado con Ch\u00eda desde el primer momento gracias a su carisma y buena vibra.<\/p>\n\n\n\n<p class=\"wp-block-paragraph\">La mujer cont\u00f3 a la revista &#8220;Hola&#8221; que la int\u00e9rprete de &#8220;Ojos As\u00ed&#8221; &#8220;nunca&#8221; consigui\u00f3 formar parte de la vida futbol\u00edstica del espa\u00f1ol: &#8220;(Clara) est\u00e1 integrada con los amigos de Piqu\u00e9. Esa es una cosa que Shakira nunca ha conseguido. Ella jam\u00e1s conect\u00f3 con las otras esposas de futbolistas o con los amigos de Piqu\u00e9&#8221;, dijo.<\/p>\n\n\n\n<p class=\"wp-block-paragraph\">Adem\u00e1s asegur\u00f3 que Ch\u00eda &#8220;No act\u00faa como una diva&#8221; y es comprensiva con su pareja.<\/p>\n\n\n\n<p class=\"wp-block-paragraph\">Por otra parte, Iglesias relat\u00f3 que la estudiante de relaciones p\u00fablicas desea que las cosas entre Shakira y Piqu\u00e9 se arreglen de la mejor manera, seg\u00fan la versi\u00f3n, fue Ch\u00eda quien convenci\u00f3 al futbolista de tomar una postura m\u00e1s relajada ante el pleito por la custodia de Sasha y Mil\u00e1n, los hijos de la expareja.<\/p>\n\n\n\n<p class=\"wp-block-paragraph\">Hasta el momento existen especulaciones sobre que la nueva relaci\u00f3n podr\u00eda irse a vivir a otro estado de Europa para alejarse de la vida p\u00fablica, mientras que Shakira partir\u00e1 de Espa\u00f1a a Miami.<\/p>\n","protected":false},"excerpt":{"rendered":"<p>Aunque la ruptura entre Shakira y Gerard Piqu\u00e9 trascendi\u00f3 desde mayo, siguen aumentando las especulaciones sobre los motivos que llevaron a la pareja a separarse, pues eran considerados como una de las relaciones m\u00e1s estables del mundo del espect\u00e1culo, sin embargo, una de los bombazos que m\u00e1s impact\u00f3 a la audiencia fue la joven conquista [&hellip;]<\/p>\n","protected":false},"author":81,"featured_media":238631,"comment_status":"closed","ping_status":"closed","sticky":false,"template":"","format":"standard","meta":{"footnotes":""},"categories":[15,38],"tags":[],"class_list":["post-238630","post","type-post","status-publish","format-standard","has-post-thumbnail","hentry","category-destacadas","category-show"],"_links":{"self":[{"href":"https:\/\/plazajuarez.mx\/historico\/wp-json\/wp\/v2\/posts\/238630","targetHints":{"allow":["GET"]}}],"collection":[{"href":"https:\/\/plazajuarez.mx\/historico\/wp-json\/wp\/v2\/posts"}],"about":[{"href":"https:\/\/plazajuarez.mx\/historico\/wp-json\/wp\/v2\/types\/post"}],"author":[{"embeddable":true,"href":"https:\/\/plazajuarez.mx\/historico\/wp-json\/wp\/v2\/users\/81"}],"replies":[{"embeddable":true,"href":"https:\/\/plazajuarez.mx\/historico\/wp-json\/wp\/v2\/comments?post=238630"}],"version-history":[{"count":0,"href":"https:\/\/plazajuarez.mx\/historico\/wp-json\/wp\/v2\/posts\/238630\/revisions"}],"wp:featuredmedia":[{"embeddable":true,"href":"https:\/\/plazajuarez.mx\/historico\/wp-json\/wp\/v2\/media\/238631"}],"wp:attachment":[{"href":"https:\/\/plazajuarez.mx\/historico\/wp-json\/wp\/v2\/media?parent=238630"}],"wp:term":[{"taxonomy":"category","embeddable":true,"href":"https:\/\/plazajuarez.mx\/historico\/wp-json\/wp\/v2\/categories?post=238630"},{"taxonomy":"post_tag","embeddable":true,"href":"https:\/\/plazajuarez.mx\/historico\/wp-json\/wp\/v2\/tags?post=238630"}],"curies":[{"name":"wp","href":"https:\/\/api.w.org\/{rel}","templated":true}]}}