{"id":23863,"date":"2016-06-29T11:50:05","date_gmt":"2016-06-29T11:50:05","guid":{"rendered":"http:\/\/plazajuarez.mx\/index\/index.php\/2016\/06\/29\/el-polemico-schroeter\/"},"modified":"2016-06-29T11:50:05","modified_gmt":"2016-06-29T11:50:05","slug":"el-polemico-schroeter","status":"publish","type":"post","link":"https:\/\/plazajuarez.mx\/historico\/el-polemico-schroeter\/","title":{"rendered":"El pol\u00e9mico Schroeter"},"content":{"rendered":"<p style=\"text-align: justify;\">CINE DE AYER<\/p>\n<p>  <!--more-->  <\/p>\n<p style=\"text-align: justify;\">Sin duda que uno de los directores alemanes m\u00e1s pol\u00e9micos dados a conocer por el Instituto Goethe, fue Werner Schroeter.<br \/>Nacido en Georgenthal el 7 de abril de 1945 y muerto hace seis a\u00f1os Werner, estudi\u00f3 Psicolog\u00eda en Mannheim antes de estudiar en la Escuela Superior de Televisi\u00f3n y Cine de Munich.<br \/>Filma algunos filmes experimentales antes de debutar en 1969 con la cinta Eika Katappa, filmada en 16 mil\u00edmetros.<br \/>En la d\u00e9cada de los 70 es conocido en M\u00e9xico gracias a filmes como Salome, Macbeth y el D\u00eda de los Idiotas, que se programaron en la inolvidable Cinemateca del Instituto Nacional de Antropolog\u00eda de Galdino y hace poco la Cineteca Nacional le organiz\u00f3 un ciclo de homenaje.<br \/>Como parte del espl\u00e9ndido Ciclo del 50 aniversario del Instituto Goethe: los A\u00f1os del Nuevo Cine, se ha programado La muerte de Mar\u00eda Malibr\u00e1n, una de sus primeras cintas.<br \/>Filmada en 1972, narra la historia de una c\u00e9lebre cantante espa\u00f1ola del siglo XIX interpretada por la legendaria Magdalena Moctezuma, una de las primeras actrices transexuales de la historia.<br \/>La cinta es un homenaje a esta olvidada int\u00e9rprete, que de acuerdo a la leyenda falleci\u00f3 a los 28 a\u00f1os en pleno escenario mientras cantaba.<br \/>La legendaria actriz estaba rodeada por un grupo de singulares actrices como Christine Kauffman, Candy Darling y Manuela Rivas.<br \/>Der tod der Maria Malibran resulta pues una serie de n\u00fameros musicales y cuadros oper\u00edsti, que no ha resistido el paso del tiempo y queda como una mera curiosidad. <\/p>\n","protected":false},"excerpt":{"rendered":"<p>CINE DE AYER<\/p>\n","protected":false},"author":93,"featured_media":0,"comment_status":"open","ping_status":"open","sticky":false,"template":"","format":"standard","meta":{"footnotes":""},"categories":[41],"tags":[],"class_list":["post-23863","post","type-post","status-publish","format-standard","hentry","category-arteria-cultural"],"_links":{"self":[{"href":"https:\/\/plazajuarez.mx\/historico\/wp-json\/wp\/v2\/posts\/23863","targetHints":{"allow":["GET"]}}],"collection":[{"href":"https:\/\/plazajuarez.mx\/historico\/wp-json\/wp\/v2\/posts"}],"about":[{"href":"https:\/\/plazajuarez.mx\/historico\/wp-json\/wp\/v2\/types\/post"}],"author":[{"embeddable":true,"href":"https:\/\/plazajuarez.mx\/historico\/wp-json\/wp\/v2\/users\/93"}],"replies":[{"embeddable":true,"href":"https:\/\/plazajuarez.mx\/historico\/wp-json\/wp\/v2\/comments?post=23863"}],"version-history":[{"count":0,"href":"https:\/\/plazajuarez.mx\/historico\/wp-json\/wp\/v2\/posts\/23863\/revisions"}],"wp:attachment":[{"href":"https:\/\/plazajuarez.mx\/historico\/wp-json\/wp\/v2\/media?parent=23863"}],"wp:term":[{"taxonomy":"category","embeddable":true,"href":"https:\/\/plazajuarez.mx\/historico\/wp-json\/wp\/v2\/categories?post=23863"},{"taxonomy":"post_tag","embeddable":true,"href":"https:\/\/plazajuarez.mx\/historico\/wp-json\/wp\/v2\/tags?post=23863"}],"curies":[{"name":"wp","href":"https:\/\/api.w.org\/{rel}","templated":true}]}}