{"id":23861,"date":"2016-06-29T11:48:31","date_gmt":"2016-06-29T11:48:31","guid":{"rendered":"http:\/\/plazajuarez.mx\/index\/index.php\/2016\/06\/29\/futbol-nacional-488\/"},"modified":"2016-06-29T11:48:31","modified_gmt":"2016-06-29T11:48:31","slug":"futbol-nacional-488","status":"publish","type":"post","link":"https:\/\/plazajuarez.mx\/historico\/futbol-nacional-488\/","title":{"rendered":"Futbol Nacional"},"content":{"rendered":"<p style=\"text-align: justify;\">Francisco Palencia es optimista con sus Pumas<br \/>\u25cf\u00a0\u00a0\u00a0 Los universitarios perdieron 2-1 ante el Tricolor que dirige Ra\u00fal \u2018Potro\u2019 Guti\u00e9rrez, en el Centro de Alto Rendimiento, y a Palencia le dej\u00f3 un buen sabor su funcionamiento<\/p>\n<p>  <!--more-->  <\/p>\n<p style=\"text-align: justify;\">\u201cLos muchachos est\u00e1n entendiendo bien el juego; ya juegan m\u00e1s con intenci\u00f3n que por intuici\u00f3n&#8221;, opin\u00f3\u00a0 Palencia en torno a su idea futbol\u00edstica.<\/p>\n<p>La derrota de Pumas sufrida ante la Selecci\u00f3n Sub-23 que asistir\u00e1 a los Juegos Ol\u00edmpicos de R\u00edo no preocupa ni incomoda al debutante entrenador Juan Francisco Palencia.<br \/>&#8220;Los muchachos est\u00e1n entendiendo bien el juego; ya juegan m\u00e1s con intenci\u00f3n que por intuici\u00f3n&#8221;, opin\u00f3 en torno a su idea futbol\u00edstica.<br \/>Los universitarios perdieron 2-1 ante el Tricolor que dirige Ra\u00fal \u2018Potro\u2019 Guti\u00e9rrez, en el Centro de Alto Rendimiento, y a Palencia le dej\u00f3 un buen sabor su funcionamiento, pese a que par\u00f3 dos cuadros diferentes en cada tiempo, ninguno de ellos considerado el titular para el Torneo Apertura 2016 ante Chivas en la Jornada 1.<\/p>\n<p>\u201cRa\u00fal y yo nos pusimos de acuerdo para jugar un partido que nos sirviera a los dos. La Sub-23 es un rival bastante poderoso. Nosotros de momento no estamos jugando con un cuadro titular para que todos los jugadores entiendan los conceptos, los fundamentos y referencias que tenemos para defender y atacar y que todos los muchachos se conozcan entre s\u00ed\u201d, coment\u00f3 el \u2018Gatillero\u2019.<br \/>A Paco le gust\u00f3 mucho su equipo, pues \u201cse hicieron cosas bastante buenas. El resultado no me quita el sue\u00f1o, porque sirvi\u00f3 much\u00edsimo\u201d, dijo.<\/p>\n<p>**<br \/>#NUEVA COMPETENCIA<\/p>\n<p>LISTO EL CALENDARIO DEL TORNEO DE COPA MX<\/p>\n<p>Se dio a conocer el calendario de la Copa MX correspondiente al Torneo Apertura 2016 y ser\u00e1 el pr\u00f3ximo 19 de julio cuando arranque la competencia que enfrenta a clubes de la Liga MX y el Ascenso.<\/p>\n<p>Asimismo, los 24 equipos participantes se les informaron que la pr\u00f3xima edici\u00f3n de la Copa MX dar\u00e1 comienzo los d\u00edas 19 y 20 de julio y la Gran Final se llevar\u00e1 a cabo en los primeros d\u00edas de noviembre.<br \/>Durante la etapa de grupos, los cuales estar\u00e1n integrados por dos clubes de la Liga MX y uno del Ascenso o viceversa, cada uno de los equipos disputar\u00e1 cuatro encuentros, es decir, jugar\u00e1n una serie de ida y vuelta frente a sus dos rivales.<br \/>Al respecto del calendario, Alebrijes de Oaxaca y Murci\u00e9lagos ser\u00e1n los encargados de inaugurar la Copa MX del Apertura 2016 el martes 19 de julio. En el primer d\u00eda de actividades los partidos ser\u00e1n FC Ju\u00e1rez vs Veracruz, Cruz Azul vs Coras y Tijuana vs Toluca.<\/p>\n<p>El equipo de Ignacio Ambriz firmar\u00e1 su regreso al certamen el mi\u00e9rcoles 20 de julio frente a Venados. Por su parte, el Reba\u00f1o Sagrado disputar\u00e1 su primer partido el martes 26 de julio cuando se mida a Jaguares de Chiapas.<\/p>\n<p>La etapa de grupos concluir\u00e1 el 14 de septiembre y aproximadamente dos semanas m\u00e1s tarde arrancar\u00e1n los Octavos de Final.<br \/>**<br \/>Campeones chilenos se vestir\u00e1n de celestes <br \/>Cruz Azul est\u00e1 a punto de conformar el plantel para encarar el Apertura 2016 y a la falta de un delantero, el Director Deportivo, Eduardo de la Torre, anunci\u00f3 que la llegada de los chilenos Francisco Silva y Enzo Roco es pr\u00e1cticamente un hecho.<br \/>&#8220;Lo de los chilenos est\u00e1 pr\u00e1cticamente arreglado. Posiblemente la semana entrante, vamos a fijar el d\u00eda, esperemos que la semana entrante y est\u00e9n por ac\u00e1&#8221;, dijo el Yayo antes de salir hacia Estados Unidos, lugar donde el equipo continuar\u00e1 su pretemporada.<br \/>&#8220;Ha sido ya un tiempo de negociaci\u00f3n por la Copa Am\u00e9rica y todo lo dem\u00e1s, pero esperemos que ya esta semana quede todo finalizado con ellos dos&#8221;, agreg\u00f3 el directivo, quien manifest\u00f3 que ambos jugadores fueron bien analizados, adem\u00e1s que llegan con buen ritmo despu\u00e9s de haber tenido regularidad en sus ex clubes.<br \/>&#8220;Desde un principio se hab\u00edan fijado condiciones y ser\u00edan con la gente que se trat\u00f3, estamos muy contentos porque Enzo viene con una buena edad, viene de jugar de titular con el Espanyol de Barcelona fue muy regular y esperemos que aqu\u00ed crezca y lo de Silva ya est\u00e1 probado en el futbol mexicano&#8221;.<br \/>Por \u00faltimo, De la Torre no les garantiz\u00f3 un lugar en el 11 titular de Tom\u00e1s Boy, ni a los futbolistas chilenos.<\/p>\n","protected":false},"excerpt":{"rendered":"<p>Francisco Palencia es optimista con sus Pumas\u25cf\u00a0\u00a0\u00a0 Los universitarios perdieron 2-1 ante el Tricolor que dirige Ra\u00fal \u2018Potro\u2019 Guti\u00e9rrez, en el Centro de Alto Rendimiento, y a Palencia le dej\u00f3 un buen sabor su funcionamiento<\/p>\n","protected":false},"author":93,"featured_media":0,"comment_status":"open","ping_status":"open","sticky":false,"template":"","format":"standard","meta":{"footnotes":""},"categories":[39],"tags":[],"class_list":["post-23861","post","type-post","status-publish","format-standard","hentry","category-deportiva"],"_links":{"self":[{"href":"https:\/\/plazajuarez.mx\/historico\/wp-json\/wp\/v2\/posts\/23861","targetHints":{"allow":["GET"]}}],"collection":[{"href":"https:\/\/plazajuarez.mx\/historico\/wp-json\/wp\/v2\/posts"}],"about":[{"href":"https:\/\/plazajuarez.mx\/historico\/wp-json\/wp\/v2\/types\/post"}],"author":[{"embeddable":true,"href":"https:\/\/plazajuarez.mx\/historico\/wp-json\/wp\/v2\/users\/93"}],"replies":[{"embeddable":true,"href":"https:\/\/plazajuarez.mx\/historico\/wp-json\/wp\/v2\/comments?post=23861"}],"version-history":[{"count":0,"href":"https:\/\/plazajuarez.mx\/historico\/wp-json\/wp\/v2\/posts\/23861\/revisions"}],"wp:attachment":[{"href":"https:\/\/plazajuarez.mx\/historico\/wp-json\/wp\/v2\/media?parent=23861"}],"wp:term":[{"taxonomy":"category","embeddable":true,"href":"https:\/\/plazajuarez.mx\/historico\/wp-json\/wp\/v2\/categories?post=23861"},{"taxonomy":"post_tag","embeddable":true,"href":"https:\/\/plazajuarez.mx\/historico\/wp-json\/wp\/v2\/tags?post=23861"}],"curies":[{"name":"wp","href":"https:\/\/api.w.org\/{rel}","templated":true}]}}