{"id":23860,"date":"2016-06-29T11:48:19","date_gmt":"2016-06-29T11:48:19","guid":{"rendered":"http:\/\/plazajuarez.mx\/index\/index.php\/2016\/06\/29\/futbol-internacional-248\/"},"modified":"2016-06-29T11:48:19","modified_gmt":"2016-06-29T11:48:19","slug":"futbol-internacional-248","status":"publish","type":"post","link":"https:\/\/plazajuarez.mx\/historico\/futbol-internacional-248\/","title":{"rendered":"Futbol Internacional"},"content":{"rendered":"<p style=\"text-align: justify;\">#JUSTA INTERNACIONAL <br \/>COPA AM\u00c9RICA EVIDENCI\u00d3 CARENCIA DE T\u00c9CNICOS <br \/>\u25cf\u00a0\u00a0\u00a0 VARIOS T\u00c9CNICOS FUERON EXPUESTOS por las malas actuaciones de sus Selecciones en la pasada Copa Am\u00e9rica Centenario<br \/>DATO<br \/>\u201cEL MAYOR RID\u00cdCULO FUE EL 7-0 QUE CHILE LE PROPIN\u00d3 A M\u00c9XICO EN LOS CUARTOS DE FINAL\u201d<\/p>\n<p>  <!--more-->  <\/p>\n<p style=\"text-align: justify;\">Estamos viviendo un verano de copas, uno de esos que pueden marear a cualquiera y que ha dejado muy mal parado a m\u00e1s de uno.<br \/>Muchos t\u00e9cnicos, por incre\u00edble que parezca, perdieron su puesto o han quedado sacudidos tras las actuaciones que mostraron sus selecciones en las competiciones continentales.<br \/>Torneos como la Copa Am\u00e9rica y la Eurocopa suele elevar a algunos t\u00e9cnicos; sin embargo, para otros puede ser el \u00faltimo clavo en sus ata\u00fades.<br \/>Aqu\u00ed te presentamos algunas de las crisis que dej\u00f3 este intenso verano de Copa Am\u00e9rica.<\/p>\n<p>M\u00c9XICO <br \/>Juan Carlos Osorio viv\u00eda una verdadera luna de miel en el Tri, aunque una derrota con Chile lo dej\u00f3 tambaleante en su puesto. El colombiano no lleg\u00f3 con la aceptaci\u00f3n del p\u00fablico, mismo que ahora exige su renuncia tras el 0-7 con la Chile campeona del continente.<br \/>Osorio se mantendr\u00e1 en su puesto, aunque tendr\u00e1 un margen de error muy corto en el resto de unas eliminatorias de CONCACAF que han cobrado muchas v\u00edctimas mexicanas en los \u00faltimos a\u00f1os.<br \/>BRASIL<br \/>Dunga, quien ya hab\u00eda fracasado en una primera etapa con la Canarinha, regres\u00f3 para suplir a Luiz Felipe Scolari y el gusto le dur\u00f3 muy poco tras una desastrosa Copa Am\u00e9rica en la que fueron eliminados en plena fase de grupos.<br \/>Tan duro fue el golpe, que Dunga dej\u00f3 su puesto a unas cuantas semanas de que Brasil buscar\u00e1 una hist\u00f3rica medalla de oro en los Juegos Ol\u00edmpicos de R\u00edo.<br \/>ARGENTINA<br \/>La AFA ratific\u00f3 a Gerardo Martino como t\u00e9cnico de la albiceleste, aunque siguen las especulaciones sobre una posible renuncia del estratega que perdi\u00f3 dos finales de Copa Am\u00e9rica en a\u00f1os consecutivos.<br \/>Los resultados de Martino no han sido tan dram\u00e1ticos; sin embargo, en Argentina solamente valen los t\u00edtulos, tanto que Lionel Messi y compa\u00f1\u00eda decidieron renunciar al combinado nacional.<br \/>PARAGUAY<br \/>Ram\u00f3n D\u00edaz renunci\u00f3 tras una Copa Am\u00e9rica para el olvido, sobre todo considerando que fue \u00faltimo en un grupo con dos selecciones de CONCACAF, que en el papel, luc\u00edan inferiores que Paraguay.<br \/>La eliminatoria de los guaran\u00edes no ha sido la mejor, pero hoy en d\u00eda estar\u00edan fuera del Mundial y eso fue una presi\u00f3n que lo termin\u00f3 orillando a que abandonara el puesto.<\/p>\n","protected":false},"excerpt":{"rendered":"<p>#JUSTA INTERNACIONAL COPA AM\u00c9RICA EVIDENCI\u00d3 CARENCIA DE T\u00c9CNICOS \u25cf\u00a0\u00a0\u00a0 VARIOS T\u00c9CNICOS FUERON EXPUESTOS por las malas actuaciones de sus Selecciones en la pasada Copa Am\u00e9rica CentenarioDATO\u201cEL MAYOR RID\u00cdCULO FUE EL 7-0 QUE CHILE LE PROPIN\u00d3 A M\u00c9XICO EN LOS CUARTOS DE FINAL\u201d<\/p>\n","protected":false},"author":93,"featured_media":0,"comment_status":"open","ping_status":"open","sticky":false,"template":"","format":"standard","meta":{"footnotes":""},"categories":[39],"tags":[],"class_list":["post-23860","post","type-post","status-publish","format-standard","hentry","category-deportiva"],"_links":{"self":[{"href":"https:\/\/plazajuarez.mx\/historico\/wp-json\/wp\/v2\/posts\/23860","targetHints":{"allow":["GET"]}}],"collection":[{"href":"https:\/\/plazajuarez.mx\/historico\/wp-json\/wp\/v2\/posts"}],"about":[{"href":"https:\/\/plazajuarez.mx\/historico\/wp-json\/wp\/v2\/types\/post"}],"author":[{"embeddable":true,"href":"https:\/\/plazajuarez.mx\/historico\/wp-json\/wp\/v2\/users\/93"}],"replies":[{"embeddable":true,"href":"https:\/\/plazajuarez.mx\/historico\/wp-json\/wp\/v2\/comments?post=23860"}],"version-history":[{"count":0,"href":"https:\/\/plazajuarez.mx\/historico\/wp-json\/wp\/v2\/posts\/23860\/revisions"}],"wp:attachment":[{"href":"https:\/\/plazajuarez.mx\/historico\/wp-json\/wp\/v2\/media?parent=23860"}],"wp:term":[{"taxonomy":"category","embeddable":true,"href":"https:\/\/plazajuarez.mx\/historico\/wp-json\/wp\/v2\/categories?post=23860"},{"taxonomy":"post_tag","embeddable":true,"href":"https:\/\/plazajuarez.mx\/historico\/wp-json\/wp\/v2\/tags?post=23860"}],"curies":[{"name":"wp","href":"https:\/\/api.w.org\/{rel}","templated":true}]}}