{"id":238596,"date":"2022-11-16T10:10:00","date_gmt":"2022-11-16T16:10:00","guid":{"rendered":"https:\/\/plazajuarez.mx\/?p=238596"},"modified":"2022-11-16T12:12:11","modified_gmt":"2022-11-16T18:12:11","slug":"asaltan-y-hieren-a-empleado-de-abarrotera","status":"publish","type":"post","link":"https:\/\/plazajuarez.mx\/historico\/asaltan-y-hieren-a-empleado-de-abarrotera\/","title":{"rendered":"Asaltan y hieren a empleado de abarrotera"},"content":{"rendered":"\n<p><strong>Tulancingo de Bravo, Hgo.-<\/strong> La ma\u00f1ana de este mi\u00e9rcoles se registr\u00f3 un asalto a una abarrotera ubicada en la calle de Luis Ponce esquina con Galeana, en las inmediaciones de la Central de Abastos de Tulancingo, por sujetos armados que lesionaron con impacto de bala a un empleado, antes de huir con lo hurtado.<\/p>\n\n\n\n<p>El hecho se registr\u00f3 minutos despu\u00e9s de las 7:30 de la ma\u00f1ana, donde un masculino de 55 a\u00f1os de edad result\u00f3 con una lesi\u00f3n por arma de fuego en una pierna, adem\u00e1s de contusiones en el cr\u00e1neo.<\/p>\n\n\n\n<p>Informaci\u00f3n oficial refiere que fueron un hombre y una mujer quienes cometieron el asalto y huyeron a bordo de una motocicleta, luego de lesionar al var\u00f3n.<\/p>\n\n\n\n<p>Polic\u00eda Estatal y Municipal montaron un operativo de b\u00fasqueda y localizaci\u00f3n sin resultados positivos hasta el momento.<\/p>\n","protected":false},"excerpt":{"rendered":"<p>Tulancingo de Bravo, Hgo.- La ma\u00f1ana de este mi\u00e9rcoles se registr\u00f3 un asalto a una abarrotera ubicada en la calle de Luis Ponce esquina con Galeana, en las inmediaciones de la Central de Abastos de Tulancingo, por sujetos armados que lesionaron con impacto de bala a un empleado, antes de huir con lo hurtado. El [&hellip;]<\/p>\n","protected":false},"author":70,"featured_media":238597,"comment_status":"closed","ping_status":"closed","sticky":false,"template":"","format":"standard","meta":{"footnotes":""},"categories":[15,2159,40],"tags":[],"class_list":["post-238596","post","type-post","status-publish","format-standard","has-post-thumbnail","hentry","category-destacadas","category-noticias-de-hidalgo","category-region"],"_links":{"self":[{"href":"https:\/\/plazajuarez.mx\/historico\/wp-json\/wp\/v2\/posts\/238596","targetHints":{"allow":["GET"]}}],"collection":[{"href":"https:\/\/plazajuarez.mx\/historico\/wp-json\/wp\/v2\/posts"}],"about":[{"href":"https:\/\/plazajuarez.mx\/historico\/wp-json\/wp\/v2\/types\/post"}],"author":[{"embeddable":true,"href":"https:\/\/plazajuarez.mx\/historico\/wp-json\/wp\/v2\/users\/70"}],"replies":[{"embeddable":true,"href":"https:\/\/plazajuarez.mx\/historico\/wp-json\/wp\/v2\/comments?post=238596"}],"version-history":[{"count":0,"href":"https:\/\/plazajuarez.mx\/historico\/wp-json\/wp\/v2\/posts\/238596\/revisions"}],"wp:featuredmedia":[{"embeddable":true,"href":"https:\/\/plazajuarez.mx\/historico\/wp-json\/wp\/v2\/media\/238597"}],"wp:attachment":[{"href":"https:\/\/plazajuarez.mx\/historico\/wp-json\/wp\/v2\/media?parent=238596"}],"wp:term":[{"taxonomy":"category","embeddable":true,"href":"https:\/\/plazajuarez.mx\/historico\/wp-json\/wp\/v2\/categories?post=238596"},{"taxonomy":"post_tag","embeddable":true,"href":"https:\/\/plazajuarez.mx\/historico\/wp-json\/wp\/v2\/tags?post=238596"}],"curies":[{"name":"wp","href":"https:\/\/api.w.org\/{rel}","templated":true}]}}