{"id":238594,"date":"2022-11-16T10:10:00","date_gmt":"2022-11-16T16:10:00","guid":{"rendered":"https:\/\/plazajuarez.mx\/?p=238594"},"modified":"2022-11-16T12:23:28","modified_gmt":"2022-11-16T18:23:28","slug":"una-piedad-de-goya-saldra-a-subasta-en-espana-por-tres-millones-de-euros","status":"publish","type":"post","link":"https:\/\/plazajuarez.mx\/historico\/una-piedad-de-goya-saldra-a-subasta-en-espana-por-tres-millones-de-euros\/","title":{"rendered":"Una &#8220;Piedad&#8221; de Goya saldr\u00e1 a subasta en Espa\u00f1a por tres millones de euros"},"content":{"rendered":"\n<p>Una &#8220;Piedad&#8221; in\u00e9dita hasta 2011 pintada por Francisco de Goya en su juventud, con un nivel de conservaci\u00f3n &#8220;casi excepcional&#8221;, saldr\u00e1 a subasta en Madrid el pr\u00f3ximo 30 de noviembre con un precio de salida de tres millones de euros (unos tres millones de d\u00f3lares).<\/p>\n\n\n\n<p>La casa de subastas Abalarte ser\u00e1 la que saque a subasta esta obra de juventud de Francisco de Goya (1746-1828) que puede datarse hacia 1774, ya que muestra una relaci\u00f3n estil\u00edstica directa con las \u00faltimas escenas del ciclo de &#8220;la vida de la Virgen&#8221; que realiz\u00f3 el maestro espa\u00f1ol en la iglesia de la cartuja de Aula Dei de Zaragoza (Espa\u00f1a).<\/p>\n\n\n\n<p>Seg\u00fan inform\u00f3 Abalarte, la composici\u00f3n de esta &#8220;Piedad&#8221; hay que relacionarla con la de Annibale Carraci de la Galeria Nacional de Capodimonte en N\u00e1poles (Italia), tambi\u00e9n con la de Miguel \u00c1ngel en el Vaticano o con la que hizo para los Colonna, todas ellas obras que debi\u00f3 de conocer en su viaje a Italia.<\/p>\n\n\n\n<p>Una obra que fue declarada inexportable en 2014 en Espa\u00f1a, por considerarse &#8220;de gran rareza, representativa del periodo temprano de la producci\u00f3n de su autor y por constituir uno de los pocos ejemplos de su obra religiosa, ayudando as\u00ed a definir la figura del artista en su contexto&#8221;.<\/p>\n\n\n\n<p>En cuanto a la procedencia, &#8220;probablemente&#8221; estuvo siempre en Zaragoza, ya que se sabe que a mediados del siglo XX pertenec\u00eda a un can\u00f3nigo del cabildo de la ciudad y tras su fallecimiento pas\u00f3 a una familia que lo tuvo hasta que en 2008 la adquirieron los actuales propietarios.<\/p>\n\n\n\n<p>&#8220;El estado de conservaci\u00f3n de esta obra es muy bueno, casi excepcional, manteni\u00e9ndose el bastidor antiguo y su tela de c\u00e1\u00f1amo original sin reentelar&#8221;, destac\u00f3 la casa de subastas.<\/p>\n\n\n\n<p>En el lienzo, a trav\u00e9s de radiograf\u00eda se puede distinguir una figura masculina que recuerda a San Joaqu\u00edn y un angelito, lo que muestra que, al igual que hizo con otras composiciones del mismo periodo, Goya reutiliz\u00f3 uno anterior para pintar esta escena.<\/p>\n\n\n\n<p>En 2012 esta obra ingres\u00f3 en el Museo del Prado en Madrid, pues fue una de las que se incluy\u00f3 despu\u00e9s en 2015 en la exposici\u00f3n &#8220;Goya y Zaragoza (1746-1775). Sus ra\u00edces aragonesas&#8221;, que acogi\u00f3 el Museo Goya de Zaragoza.<\/p>\n\n\n\n<p>En el cat\u00e1logo de esta exposici\u00f3n se calific\u00f3 este cuadro &#8220;de gran calidad en la que se destaca la magistral interpretaci\u00f3n de la luz sobre las distintas superficies de la composici\u00f3n permitiendo atribuir esta pintura a Goya sin g\u00e9nero de dudas&#8221;.&nbsp;<\/p>\n","protected":false},"excerpt":{"rendered":"<p>Una &#8220;Piedad&#8221; in\u00e9dita hasta 2011 pintada por Francisco de Goya en su juventud, con un nivel de conservaci\u00f3n &#8220;casi excepcional&#8221;, saldr\u00e1 a subasta en Madrid el pr\u00f3ximo 30 de noviembre con un precio de salida de tres millones de euros (unos tres millones de d\u00f3lares). La casa de subastas Abalarte ser\u00e1 la que saque a [&hellip;]<\/p>\n","protected":false},"author":80,"featured_media":238607,"comment_status":"closed","ping_status":"closed","sticky":false,"template":"","format":"standard","meta":{"footnotes":""},"categories":[41],"tags":[],"class_list":["post-238594","post","type-post","status-publish","format-standard","has-post-thumbnail","hentry","category-arteria-cultural"],"_links":{"self":[{"href":"https:\/\/plazajuarez.mx\/historico\/wp-json\/wp\/v2\/posts\/238594","targetHints":{"allow":["GET"]}}],"collection":[{"href":"https:\/\/plazajuarez.mx\/historico\/wp-json\/wp\/v2\/posts"}],"about":[{"href":"https:\/\/plazajuarez.mx\/historico\/wp-json\/wp\/v2\/types\/post"}],"author":[{"embeddable":true,"href":"https:\/\/plazajuarez.mx\/historico\/wp-json\/wp\/v2\/users\/80"}],"replies":[{"embeddable":true,"href":"https:\/\/plazajuarez.mx\/historico\/wp-json\/wp\/v2\/comments?post=238594"}],"version-history":[{"count":0,"href":"https:\/\/plazajuarez.mx\/historico\/wp-json\/wp\/v2\/posts\/238594\/revisions"}],"wp:featuredmedia":[{"embeddable":true,"href":"https:\/\/plazajuarez.mx\/historico\/wp-json\/wp\/v2\/media\/238607"}],"wp:attachment":[{"href":"https:\/\/plazajuarez.mx\/historico\/wp-json\/wp\/v2\/media?parent=238594"}],"wp:term":[{"taxonomy":"category","embeddable":true,"href":"https:\/\/plazajuarez.mx\/historico\/wp-json\/wp\/v2\/categories?post=238594"},{"taxonomy":"post_tag","embeddable":true,"href":"https:\/\/plazajuarez.mx\/historico\/wp-json\/wp\/v2\/tags?post=238594"}],"curies":[{"name":"wp","href":"https:\/\/api.w.org\/{rel}","templated":true}]}}