{"id":23859,"date":"2016-06-29T11:48:07","date_gmt":"2016-06-29T11:48:07","guid":{"rendered":"http:\/\/plazajuarez.mx\/index\/index.php\/2016\/06\/29\/futbol-internacional-247\/"},"modified":"2016-06-29T11:48:07","modified_gmt":"2016-06-29T11:48:07","slug":"futbol-internacional-247","status":"publish","type":"post","link":"https:\/\/plazajuarez.mx\/historico\/futbol-internacional-247\/","title":{"rendered":"Futbol Internacional"},"content":{"rendered":"<p style=\"text-align: justify;\">Federaci\u00f3n chilena reconoce el trabajo de Pizzi<br \/>\u25cf\u00a0\u00a0\u00a0 El mandam\u00e1s del organismo con sede en Quil\u00edn alab\u00f3 el trabajo del t\u00e9cnico Juan Antonio Pizzi, quien logr\u00f3 reponerse a un complejo inicio.<\/p>\n<p>  <!--more-->  <\/p>\n<p style=\"text-align: justify;\">&#8220;Lo sufr\u00ed mucho. Es dif\u00edcil ir a los penales. No era un partido apto para card\u00edacos, los jugadores de ambas selecciones casi no se equivocaron\u201d, Arturo Salah<br \/>El presidente de la ANFP, Arturo Salah, se refiri\u00f3 al bicampeonato de Am\u00e9rica conseguido por la Roja en suelo estadounidense, destacando el trabajo de Juan Antonio Pizzi en el banco y el enorme crecimiento que experiment\u00f3 el combinado nacional en los \u00faltimos a\u00f1os, situaci\u00f3n que fue un orgullo para el estratega.<br \/>&#8220;Lo sufr\u00ed mucho. Es dif\u00edcil ir a los penales. No era un partido apto para card\u00edacos, los jugadores de ambas selecciones casi no se equivocaron. No se dieron un cent\u00edmetro. Fue un partido de gran nivel y para tenerlo como un modelo docente&#8221;, reconoci\u00f3 a La Tercera.<br \/>Adem\u00e1s, el mandam\u00e1s del organismo con sede en Quil\u00edn alab\u00f3 el trabajo del t\u00e9cnico Juan Antonio Pizzi, quien logr\u00f3 reponerse a un complejo inicio.<br \/>&#8220;Pizzi parti\u00f3 muy bien, considerando lo dif\u00edcil que fueron los dos partidos de la transici\u00f3n. Le fue estupendo. Perdimos ante Argentina, pero jugando muy bien. En Venezuela ganamos con autoridad y despu\u00e9s hubo unos partidos amistosos que confundieron mucho al medio, pero internamente est\u00e1bamos seguros de que se iban a revertir los resultados. Pizzi, en toda esta Copa Am\u00e9rica, tom\u00f3 muy buenas decisiones&#8221;, enfatiz\u00f3.<br \/>Por \u00faltimo, Salah sostuvo que &#8220;Chile ha cambiado, hace tiempo que cambi\u00f3. Chile es un pa\u00eds admirado en el mundo. Siempre somos respetados, en todos los \u00e1mbitos y claro que el f\u00fatbol no es la excepci\u00f3n&#8221;.<br \/>Pizzi antes de llegar a la selecci\u00f3n chilena, dirigi\u00f3 en un periodo corto a los Panzas Verdes del Le\u00f3n de la Liga mexicana, teniendo una actuaci\u00f3n aceptable, ya que no le quito su esencia ofensiva a los esmeraldas. El estratega ahora ser\u00e1 m\u00e1s cotizado despu\u00e9s de conseguir el bicampeonato chileno.<\/p>\n<p>**<br \/>#ESPA\u00d1A <br \/>El portero Iker Casillas le dir\u00eda adi\u00f3s a la Selecci\u00f3n Espa\u00f1ola<br \/>Iker Casillas, capit\u00e1n de la selecci\u00f3n espa\u00f1ola, insinu\u00f3 su adi\u00f3s con un mensaje ambiguo en las redes sociales, de agradecimiento por el cari\u00f1o de los aficionados tras una Eurocopa en la que no jug\u00f3 ning\u00fan minuto y con un pasaje de la segunda parte de Rambo.<br \/>&#8220;No se a d\u00f3nde, pero me voy&#8221;, dice Rambo en la escena elegida por Casillas y publicada en sus redes sociales. &#8220;Volver para qu\u00e9, mis amigos murieron aqu\u00ed, he muerto aqu\u00ed&#8221;, a\u00f1ade en su conversaci\u00f3n con el coronel Trautman.<br \/>&#8220;\u00bfOdiarlo? (a su pa\u00eds) Morir\u00eda por \u00e9l. Yo quiero lo que ellos quieren y lo que cualquier otro que viniese aqu\u00ed, a dejarse las tripas y a dar todo lo que tiene quiere, que su pa\u00eds lo quiera tanto como nosotros lo queremos. Eso es lo que quiero&#8221;.<br \/>La secuencia acaba con la pregunta del coronel: &#8220;\u00bfC\u00f3mo vivir\u00e1?&#8221;. Y la respuesta &#8220;d\u00eda a d\u00eda&#8221;. En lo que parece nueva mentalidad de Casillas ante su nueva situaci\u00f3n, en un mensaje ambiguo en el que no confirma su adi\u00f3s ni su continuidad.<br \/>&#8220;Un orgullo sentir el cari\u00f1o de la gente en #GraciasCasillas. Hoy y siempre todos con la Selecci\u00f3n Espa\u00f1ola&#8221;, escribi\u00f3 el portero como agradecimiento a las numerosas muestras de cari\u00f1o recibidas tras el partido de Italia, que vio de pie sufriendo junto al banquillo en toda su segunda parte, y que fue tendencia en Twitter el lunes.<br \/>El arquero espa\u00f1ol ha sido uno de los porteros m\u00e1s emblem\u00e1ticos de la \u201cFuria Roja\u201d en los \u00faltimos a\u00f1os, por lo que se le va a extra\u00f1ar.<\/p>\n","protected":false},"excerpt":{"rendered":"<p>Federaci\u00f3n chilena reconoce el trabajo de Pizzi\u25cf\u00a0\u00a0\u00a0 El mandam\u00e1s del organismo con sede en Quil\u00edn alab\u00f3 el trabajo del t\u00e9cnico Juan Antonio Pizzi, quien logr\u00f3 reponerse a un complejo inicio.<\/p>\n","protected":false},"author":93,"featured_media":0,"comment_status":"open","ping_status":"open","sticky":false,"template":"","format":"standard","meta":{"footnotes":""},"categories":[39],"tags":[],"class_list":["post-23859","post","type-post","status-publish","format-standard","hentry","category-deportiva"],"_links":{"self":[{"href":"https:\/\/plazajuarez.mx\/historico\/wp-json\/wp\/v2\/posts\/23859","targetHints":{"allow":["GET"]}}],"collection":[{"href":"https:\/\/plazajuarez.mx\/historico\/wp-json\/wp\/v2\/posts"}],"about":[{"href":"https:\/\/plazajuarez.mx\/historico\/wp-json\/wp\/v2\/types\/post"}],"author":[{"embeddable":true,"href":"https:\/\/plazajuarez.mx\/historico\/wp-json\/wp\/v2\/users\/93"}],"replies":[{"embeddable":true,"href":"https:\/\/plazajuarez.mx\/historico\/wp-json\/wp\/v2\/comments?post=23859"}],"version-history":[{"count":0,"href":"https:\/\/plazajuarez.mx\/historico\/wp-json\/wp\/v2\/posts\/23859\/revisions"}],"wp:attachment":[{"href":"https:\/\/plazajuarez.mx\/historico\/wp-json\/wp\/v2\/media?parent=23859"}],"wp:term":[{"taxonomy":"category","embeddable":true,"href":"https:\/\/plazajuarez.mx\/historico\/wp-json\/wp\/v2\/categories?post=23859"},{"taxonomy":"post_tag","embeddable":true,"href":"https:\/\/plazajuarez.mx\/historico\/wp-json\/wp\/v2\/tags?post=23859"}],"curies":[{"name":"wp","href":"https:\/\/api.w.org\/{rel}","templated":true}]}}