{"id":238589,"date":"2022-11-16T10:12:00","date_gmt":"2022-11-16T16:12:00","guid":{"rendered":"https:\/\/plazajuarez.mx\/?p=238589"},"modified":"2022-11-16T12:23:16","modified_gmt":"2022-11-16T18:23:16","slug":"activistas-arrojan-petroleo-sobre-un-cuadro-de-klimt-en-un-museo-de-viena","status":"publish","type":"post","link":"https:\/\/plazajuarez.mx\/historico\/activistas-arrojan-petroleo-sobre-un-cuadro-de-klimt-en-un-museo-de-viena\/","title":{"rendered":"Activistas arrojan petr\u00f3leo sobre un cuadro de Klimt en un museo de Viena"},"content":{"rendered":"\n<p>El cuadro &#8220;Muerte y vida&#8221; de Gustav Klimt (1862-1918), sobre el que dos activistas arrojaron un l\u00edquido negro en una protesta clim\u00e1tica, no ha sufrido da\u00f1os y ya se trabaja para reabrir la sala donde se expone en el Museo Leopold.<\/p>\n\n\n\n<p>Tras evaluar el estado del cuadro, el equipo de restauradores del museo ha confirmado que la pintura, protegida por un vidrio de seguridad de m\u00e1s de 200 kilos de peso, no ha resultado da\u00f1ada.<\/p>\n\n\n\n<p>&#8220;Los restauradores estuvieron frente al cuadro cinco minutos despu\u00e9s del incidente y podemos asegurar que el l\u00edquido solo ha salpicado el cristal y no ha da\u00f1ado la pintura&#8221;, se\u00f1al\u00f3 a EFE el director del museo, Hans Peter Wipplinger.<\/p>\n\n\n\n<p>El grupo al que pertenecen los activistas, &#8220;\u00daltima generaci\u00f3n&#8221;, difundi\u00f3 la protesta en su cuenta de Twitter y afirmaron que el material que arrojaron al cuadro, en un principio descrito como &#8220;petroleo&#8221; por los medios austr\u00edacos, es un l\u00edquido negro aceitoso pero no t\u00f3xico ni da\u00f1ino.<\/p>\n\n\n\n<p>Con motivo de una festividad regional, la entrada al Leopold era hoy gratuita, patrocinada por la petrolera OMV, y pese a los estrictos controles los activistas consiguieron introducir ese l\u00edquido en una bolsa de agua caliente.<\/p>\n\n\n\n<p>Uno de los activistas dijo tras arrojar el l\u00edquido sobre el cuadro: &#8220;Conocemos el problema desde hace 50 a\u00f1os, debemos actuar de una vez, de lo contrario el planeta acabar\u00e1 destruido&#8221;.<\/p>\n\n\n\n<p>&#8220;Detened la destrucci\u00f3n de los combustibles f\u00f3siles. Nos dirigimos hacia un infierno clim\u00e1tico&#8221;, agreg\u00f3 para describir las nuevas perforaciones de petr\u00f3leo y gas como una sentencia de muerte para la humanidad.<\/p>\n\n\n\n<p>Un guardia de seguridad alej\u00f3 a uno de los activistas del cuadro mientras que otro trat\u00f3 de pegarse al cristal que lo proteg\u00eda. Ambos fueron detenidos poco despu\u00e9s por la polic\u00eda.<\/p>\n\n\n\n<p>Desde el museo Leopold entienden la preocupaci\u00f3n de los dos j\u00f3venes por la crisis clim\u00e1tica, pero no comparten sus medios.<\/p>\n\n\n\n<p>&#8220;Los activistas y los museos no deben estar contrapuestos. Debemos trabajar juntos para que las futuras generaciones puedan vivir mejor y disfrutar el arte&#8221;, lament\u00f3 Wipplinger.<\/p>\n\n\n\n<p>Hace cinco d\u00edas otros dos activistas del mismo grupo se pegaron con adhesivos a f\u00f3siles de dinosaurios del Museo de Historia Natural de Viena, que no resultaron da\u00f1ados, para criticar la destrucci\u00f3n clim\u00e1tica causada por los hidrocarburos.<\/p>\n\n\n\n<p>&#8220;Frente a los restos de los gigantes extinguidos, exigen una pol\u00edtica de supervivencia, en lugar de la continua destrucci\u00f3n de nuestros medios de vida&#8221;, explic\u00f3 el grupo medioambientalista, muy activo en Austria y Alemania, en un comunicado.<\/p>\n","protected":false},"excerpt":{"rendered":"<p>El cuadro &#8220;Muerte y vida&#8221; de Gustav Klimt (1862-1918), sobre el que dos activistas arrojaron un l\u00edquido negro en una protesta clim\u00e1tica, no ha sufrido da\u00f1os y ya se trabaja para reabrir la sala donde se expone en el Museo Leopold. Tras evaluar el estado del cuadro, el equipo de restauradores del museo ha confirmado [&hellip;]<\/p>\n","protected":false},"author":80,"featured_media":238608,"comment_status":"closed","ping_status":"closed","sticky":false,"template":"","format":"standard","meta":{"footnotes":""},"categories":[41],"tags":[],"class_list":["post-238589","post","type-post","status-publish","format-standard","has-post-thumbnail","hentry","category-arteria-cultural"],"_links":{"self":[{"href":"https:\/\/plazajuarez.mx\/historico\/wp-json\/wp\/v2\/posts\/238589","targetHints":{"allow":["GET"]}}],"collection":[{"href":"https:\/\/plazajuarez.mx\/historico\/wp-json\/wp\/v2\/posts"}],"about":[{"href":"https:\/\/plazajuarez.mx\/historico\/wp-json\/wp\/v2\/types\/post"}],"author":[{"embeddable":true,"href":"https:\/\/plazajuarez.mx\/historico\/wp-json\/wp\/v2\/users\/80"}],"replies":[{"embeddable":true,"href":"https:\/\/plazajuarez.mx\/historico\/wp-json\/wp\/v2\/comments?post=238589"}],"version-history":[{"count":0,"href":"https:\/\/plazajuarez.mx\/historico\/wp-json\/wp\/v2\/posts\/238589\/revisions"}],"wp:featuredmedia":[{"embeddable":true,"href":"https:\/\/plazajuarez.mx\/historico\/wp-json\/wp\/v2\/media\/238608"}],"wp:attachment":[{"href":"https:\/\/plazajuarez.mx\/historico\/wp-json\/wp\/v2\/media?parent=238589"}],"wp:term":[{"taxonomy":"category","embeddable":true,"href":"https:\/\/plazajuarez.mx\/historico\/wp-json\/wp\/v2\/categories?post=238589"},{"taxonomy":"post_tag","embeddable":true,"href":"https:\/\/plazajuarez.mx\/historico\/wp-json\/wp\/v2\/tags?post=238589"}],"curies":[{"name":"wp","href":"https:\/\/api.w.org\/{rel}","templated":true}]}}