{"id":238588,"date":"2022-11-16T10:13:00","date_gmt":"2022-11-16T16:13:00","guid":{"rendered":"https:\/\/plazajuarez.mx\/?p=238588"},"modified":"2022-11-16T12:14:35","modified_gmt":"2022-11-16T18:14:35","slug":"acusan-negligencia-y-falta-de-humanidad-de-agente-del-ministerio-publico","status":"publish","type":"post","link":"https:\/\/plazajuarez.mx\/historico\/acusan-negligencia-y-falta-de-humanidad-de-agente-del-ministerio-publico\/","title":{"rendered":"Acusan negligencia y falta de humanidad de agente del Ministerio P\u00fablico"},"content":{"rendered":"\n<p>Luego de sufrir una pena que a\u00fan no logran superar familiares de Jorge Antonio &#8220;V&#8221; &#8220;V&#8221;, qui\u00e9n fue reportado como desaparecido en el municipio de Tulancingo el pasado 4 del mes y a\u00f1o en curso, el cual d\u00edas despu\u00e9s fue hallado sin vida cerca del basurero del Abra, ahora se enfrentan a la negligencia y falta de humanidad de un agente del ministerio p\u00fablico que se niega a entregarles el cad\u00e1ver del infortunado.<\/p>\n\n\n\n<p>Aunque los afligidos familiares de Jorge Antonio ya realizaron el reconocimiento del cuerpo del infortunado, ahora el agente del ministerio p\u00fablico que conoce del caso pide una prueba de ADN, por lo que piden al encargado del despacho&nbsp; &nbsp; de la Procuradur\u00eda general de Justicia del estado de Hidalgo, Santiago Nieto, intervenga y se entregue el cad\u00e1ver que ya fue plenamente identificado.<\/p>\n","protected":false},"excerpt":{"rendered":"<p>Luego de sufrir una pena que a\u00fan no logran superar familiares de Jorge Antonio &#8220;V&#8221; &#8220;V&#8221;, qui\u00e9n fue reportado como desaparecido en el municipio de Tulancingo el pasado 4 del mes y a\u00f1o en curso, el cual d\u00edas despu\u00e9s fue hallado sin vida cerca del basurero del Abra, ahora se enfrentan a la negligencia y [&hellip;]<\/p>\n","protected":false},"author":93,"featured_media":238592,"comment_status":"closed","ping_status":"closed","sticky":false,"template":"","format":"standard","meta":{"footnotes":""},"categories":[37],"tags":[],"class_list":["post-238588","post","type-post","status-publish","format-standard","has-post-thumbnail","hentry","category-barandilla"],"_links":{"self":[{"href":"https:\/\/plazajuarez.mx\/historico\/wp-json\/wp\/v2\/posts\/238588","targetHints":{"allow":["GET"]}}],"collection":[{"href":"https:\/\/plazajuarez.mx\/historico\/wp-json\/wp\/v2\/posts"}],"about":[{"href":"https:\/\/plazajuarez.mx\/historico\/wp-json\/wp\/v2\/types\/post"}],"author":[{"embeddable":true,"href":"https:\/\/plazajuarez.mx\/historico\/wp-json\/wp\/v2\/users\/93"}],"replies":[{"embeddable":true,"href":"https:\/\/plazajuarez.mx\/historico\/wp-json\/wp\/v2\/comments?post=238588"}],"version-history":[{"count":0,"href":"https:\/\/plazajuarez.mx\/historico\/wp-json\/wp\/v2\/posts\/238588\/revisions"}],"wp:featuredmedia":[{"embeddable":true,"href":"https:\/\/plazajuarez.mx\/historico\/wp-json\/wp\/v2\/media\/238592"}],"wp:attachment":[{"href":"https:\/\/plazajuarez.mx\/historico\/wp-json\/wp\/v2\/media?parent=238588"}],"wp:term":[{"taxonomy":"category","embeddable":true,"href":"https:\/\/plazajuarez.mx\/historico\/wp-json\/wp\/v2\/categories?post=238588"},{"taxonomy":"post_tag","embeddable":true,"href":"https:\/\/plazajuarez.mx\/historico\/wp-json\/wp\/v2\/tags?post=238588"}],"curies":[{"name":"wp","href":"https:\/\/api.w.org\/{rel}","templated":true}]}}