{"id":238566,"date":"2022-11-16T10:20:17","date_gmt":"2022-11-16T16:20:17","guid":{"rendered":"https:\/\/plazajuarez.mx\/?p=238566"},"modified":"2022-11-16T10:20:22","modified_gmt":"2022-11-16T16:20:22","slug":"con-oro-regreso-ale-romero-a-competencias-en-grand-prix","status":"publish","type":"post","link":"https:\/\/plazajuarez.mx\/historico\/con-oro-regreso-ale-romero-a-competencias-en-grand-prix\/","title":{"rendered":"Con oro, regres\u00f3 Ale Romero a competencias en Grand Prix"},"content":{"rendered":"\n<p>Tulancingo de Bravo.- Luego de seis meses de haberse ausentado de las competencias debido a una lesi\u00f3n, sacrificando un campeonato nacional y un mundial, Alejandra Romero Bonilla logr\u00f3 el oro el pasado fin de semana en el Grand Prix Todos Estrellas de luchas asociadas, que se celebr\u00f3 en el Comit\u00e9 Ol\u00edmpico Mexicano.\u00a0<\/p>\n\n\n\n<p>La hidalguense record\u00f3 que hace seis meses, fue diagnosticada con una lesi\u00f3n, consistente en dos hernias cervicales y espalda baja, por lo que pens\u00f3 en alg\u00fan momento que dejar\u00eda de hacer lo que m\u00e1s le apasiona.<\/p>\n\n\n\n<p>Sin embargo, decidi\u00f3 centrar su dedicaci\u00f3n en la recuperaci\u00f3n de dichas lesiones, de las cuales a\u00fan no se ha recuperado en su totalidad, pero le bast\u00f3 con regresar a las competencias el pasado fin de semana, donde alcanz\u00f3 lo m\u00e1s alto del podio en la categor\u00eda Senior, 62 kilogramos.&nbsp;<\/p>\n\n\n\n<p>Romero Bonilla reconoci\u00f3 que, gracias a la terapia y rehabilitaci\u00f3n, han desaparecido casi en su totalidad los dolores que le aquejaban, por lo que tambi\u00e9n se ha reavivado el deseo de llegar a los Juegos Ol\u00edmpicos de Francia 2024.<\/p>\n\n\n\n<p>En sus redes sociales, la originaria de Tulancingo agradeci\u00f3 a todo el equipo que la ha apoyado en este proceso de recuperaci\u00f3n, y le dedic\u00f3 la medalla de oro a su mam\u00e1, que cumpli\u00f3 a\u00f1os el pasado lunes 14 de noviembre.<\/p>\n\n\n\n<p>Romero Bonilla enfrentar\u00e1 en diciembre pr\u00f3ximo el clasificatorio a los Juegos Centroamericanos, que se realizar\u00e1n en Rep\u00fablica Dominicana.<\/p>\n","protected":false},"excerpt":{"rendered":"<p>Tulancingo de Bravo.- Luego de seis meses de haberse ausentado de las competencias debido a una lesi\u00f3n, sacrificando un campeonato nacional y un mundial, Alejandra Romero Bonilla logr\u00f3 el oro el pasado fin de semana en el Grand Prix Todos Estrellas de luchas asociadas, que se celebr\u00f3 en el Comit\u00e9 Ol\u00edmpico Mexicano.\u00a0 La hidalguense record\u00f3 [&hellip;]<\/p>\n","protected":false},"author":70,"featured_media":238567,"comment_status":"closed","ping_status":"closed","sticky":false,"template":"","format":"standard","meta":{"footnotes":""},"categories":[2159,40],"tags":[],"class_list":["post-238566","post","type-post","status-publish","format-standard","has-post-thumbnail","hentry","category-noticias-de-hidalgo","category-region"],"_links":{"self":[{"href":"https:\/\/plazajuarez.mx\/historico\/wp-json\/wp\/v2\/posts\/238566","targetHints":{"allow":["GET"]}}],"collection":[{"href":"https:\/\/plazajuarez.mx\/historico\/wp-json\/wp\/v2\/posts"}],"about":[{"href":"https:\/\/plazajuarez.mx\/historico\/wp-json\/wp\/v2\/types\/post"}],"author":[{"embeddable":true,"href":"https:\/\/plazajuarez.mx\/historico\/wp-json\/wp\/v2\/users\/70"}],"replies":[{"embeddable":true,"href":"https:\/\/plazajuarez.mx\/historico\/wp-json\/wp\/v2\/comments?post=238566"}],"version-history":[{"count":0,"href":"https:\/\/plazajuarez.mx\/historico\/wp-json\/wp\/v2\/posts\/238566\/revisions"}],"wp:featuredmedia":[{"embeddable":true,"href":"https:\/\/plazajuarez.mx\/historico\/wp-json\/wp\/v2\/media\/238567"}],"wp:attachment":[{"href":"https:\/\/plazajuarez.mx\/historico\/wp-json\/wp\/v2\/media?parent=238566"}],"wp:term":[{"taxonomy":"category","embeddable":true,"href":"https:\/\/plazajuarez.mx\/historico\/wp-json\/wp\/v2\/categories?post=238566"},{"taxonomy":"post_tag","embeddable":true,"href":"https:\/\/plazajuarez.mx\/historico\/wp-json\/wp\/v2\/tags?post=238566"}],"curies":[{"name":"wp","href":"https:\/\/api.w.org\/{rel}","templated":true}]}}