{"id":238562,"date":"2022-11-16T10:18:42","date_gmt":"2022-11-16T16:18:42","guid":{"rendered":"https:\/\/plazajuarez.mx\/?p=238562"},"modified":"2022-11-16T10:19:02","modified_gmt":"2022-11-16T16:19:02","slug":"conflicto-entre-mercado-morelos-y-horticultores-se-complica","status":"publish","type":"post","link":"https:\/\/plazajuarez.mx\/historico\/conflicto-entre-mercado-morelos-y-horticultores-se-complica\/","title":{"rendered":"Conflicto entre mercado Morelos y horticultores se complica"},"content":{"rendered":"\n<p>Ixmiquilpan.- El conflicto entre productores agr\u00edcolas de Ixmiquilpan y la administraci\u00f3n del mercado Morelos, termin\u00f3 ayer en una manifestaci\u00f3n que provoc\u00f3 el cierre del centro de la ciudad, asimismo, la retenci\u00f3n de funcionarios del ayuntamiento.<\/p>\n\n\n\n<p>Los horticultores protestaron para exigir la destituci\u00f3n del administrador del mercado Morelos, Heberto Vargas, asimismo, para que este retire las denuncias penales que interpuso contra los responsables del desplazamiento de 70 comerciantes del \u00e1rea de estacionamiento de este espacio, el cual est\u00e1 en disputa.<\/p>\n\n\n\n<p>Adem\u00e1s, piden que el gobierno municipal libere los recursos para continuar con la construcci\u00f3n de una plaza comercial en el espacio en disputa, cuyos trabajos han sido clausurados debido al proceso jur\u00eddico que se sigue en contra de los dirigentes de la organizaci\u00f3n agr\u00edcola.<\/p>\n\n\n\n<p>Por su parte, el administrador del Mercado, sostuvo que no existe ning\u00fan di\u00e1logo con los productores agr\u00edcolas y que el proceso jur\u00eddico contin\u00faa para conseguir la recuperaci\u00f3n de dicha propiedad que fue invadida.<\/p>\n\n\n\n<p>Subraya a trav\u00e9s de un documento, que no habr\u00e1 negociaci\u00f3n con quienes ocupan el espacio, asimismo, rechaz\u00f3 la manifestaci\u00f3n realizada ayer, de la que dijo, afecta a toda la ciudadan\u00eda no solo de Ixmiquilpan.<\/p>\n\n\n\n<p>El espacio que se encuentra en disputa, era ocupado tambi\u00e9n por 70 comerciantes de productos del campo. Al momento de ser ahuyentados, se hizo mediante violencia en algunos casos, por ello es que se inici\u00f3 el proceso legal.<\/p>\n","protected":false},"excerpt":{"rendered":"<p>Ixmiquilpan.- El conflicto entre productores agr\u00edcolas de Ixmiquilpan y la administraci\u00f3n del mercado Morelos, termin\u00f3 ayer en una manifestaci\u00f3n que provoc\u00f3 el cierre del centro de la ciudad, asimismo, la retenci\u00f3n de funcionarios del ayuntamiento. Los horticultores protestaron para exigir la destituci\u00f3n del administrador del mercado Morelos, Heberto Vargas, asimismo, para que este retire las [&hellip;]<\/p>\n","protected":false},"author":75,"featured_media":238563,"comment_status":"closed","ping_status":"closed","sticky":false,"template":"","format":"standard","meta":{"footnotes":""},"categories":[2159,40],"tags":[],"class_list":["post-238562","post","type-post","status-publish","format-standard","has-post-thumbnail","hentry","category-noticias-de-hidalgo","category-region"],"_links":{"self":[{"href":"https:\/\/plazajuarez.mx\/historico\/wp-json\/wp\/v2\/posts\/238562","targetHints":{"allow":["GET"]}}],"collection":[{"href":"https:\/\/plazajuarez.mx\/historico\/wp-json\/wp\/v2\/posts"}],"about":[{"href":"https:\/\/plazajuarez.mx\/historico\/wp-json\/wp\/v2\/types\/post"}],"author":[{"embeddable":true,"href":"https:\/\/plazajuarez.mx\/historico\/wp-json\/wp\/v2\/users\/75"}],"replies":[{"embeddable":true,"href":"https:\/\/plazajuarez.mx\/historico\/wp-json\/wp\/v2\/comments?post=238562"}],"version-history":[{"count":0,"href":"https:\/\/plazajuarez.mx\/historico\/wp-json\/wp\/v2\/posts\/238562\/revisions"}],"wp:featuredmedia":[{"embeddable":true,"href":"https:\/\/plazajuarez.mx\/historico\/wp-json\/wp\/v2\/media\/238563"}],"wp:attachment":[{"href":"https:\/\/plazajuarez.mx\/historico\/wp-json\/wp\/v2\/media?parent=238562"}],"wp:term":[{"taxonomy":"category","embeddable":true,"href":"https:\/\/plazajuarez.mx\/historico\/wp-json\/wp\/v2\/categories?post=238562"},{"taxonomy":"post_tag","embeddable":true,"href":"https:\/\/plazajuarez.mx\/historico\/wp-json\/wp\/v2\/tags?post=238562"}],"curies":[{"name":"wp","href":"https:\/\/api.w.org\/{rel}","templated":true}]}}