{"id":23856,"date":"2016-06-29T11:46:30","date_gmt":"2016-06-29T11:46:30","guid":{"rendered":"http:\/\/plazajuarez.mx\/index\/index.php\/2016\/06\/29\/castaneda-morena-fue-el-que-crecio-no-el-pan\/"},"modified":"2016-06-29T11:46:30","modified_gmt":"2016-06-29T11:46:30","slug":"castaneda-morena-fue-el-que-crecio-no-el-pan","status":"publish","type":"post","link":"https:\/\/plazajuarez.mx\/historico\/castaneda-morena-fue-el-que-crecio-no-el-pan\/","title":{"rendered":"Casta\u00f1eda: Morena fue el que creci\u00f3, no el PAN"},"content":{"rendered":"<p style=\"text-align: justify;\">En la elecci\u00f3n del 5 de junio el PAN fue el beneficiario del rechazo a gobiernos pri\u00edstas, pero el que creci\u00f3 fue Morena, afirma Jorge Casta\u00f1eda, ex canciller y aspirante a una candidatura presidencial independiente.<\/p>\n<p>  <!--more-->  <\/p>\n<p style=\"text-align: justify;\">\u201cEl PAN es el gran beneficiario de ese rechazo, pero no me queda claro que es a favor del blanquiazul o en contra del PRI. En muchos estados el PAN saca menos votos. Lo que pas\u00f3 es que el PRI cae m\u00e1s todav\u00eda. En cambio, quien sube much\u00edsimo es Morena\u201d, se\u00f1ala. <br \/>Consider\u00f3 un error pensar que el PAN es de nuevo alternativa antisist\u00e9mica. \u201cEso no es cierto. La alternativa antisist\u00e9mica es L\u00f3pez Obrador\u201d. Dice que ve pocas posibilidades de que el PRI gane en 2018, \u201cdemostr\u00f3 que es impopular\u201d. <br \/>Asegura que buscar\u00e1 la candidatura independiente bajo un contexto en el que el movimiento negocie que haya s\u00f3lo un abanderado.<\/p>\n","protected":false},"excerpt":{"rendered":"<p>En la elecci\u00f3n del 5 de junio el PAN fue el beneficiario del rechazo a gobiernos pri\u00edstas, pero el que creci\u00f3 fue Morena, afirma Jorge Casta\u00f1eda, ex canciller y aspirante a una candidatura presidencial independiente.<\/p>\n","protected":false},"author":93,"featured_media":0,"comment_status":"open","ping_status":"open","sticky":false,"template":"","format":"standard","meta":{"footnotes":""},"categories":[36],"tags":[],"class_list":["post-23856","post","type-post","status-publish","format-standard","hentry","category-nacion"],"_links":{"self":[{"href":"https:\/\/plazajuarez.mx\/historico\/wp-json\/wp\/v2\/posts\/23856","targetHints":{"allow":["GET"]}}],"collection":[{"href":"https:\/\/plazajuarez.mx\/historico\/wp-json\/wp\/v2\/posts"}],"about":[{"href":"https:\/\/plazajuarez.mx\/historico\/wp-json\/wp\/v2\/types\/post"}],"author":[{"embeddable":true,"href":"https:\/\/plazajuarez.mx\/historico\/wp-json\/wp\/v2\/users\/93"}],"replies":[{"embeddable":true,"href":"https:\/\/plazajuarez.mx\/historico\/wp-json\/wp\/v2\/comments?post=23856"}],"version-history":[{"count":0,"href":"https:\/\/plazajuarez.mx\/historico\/wp-json\/wp\/v2\/posts\/23856\/revisions"}],"wp:attachment":[{"href":"https:\/\/plazajuarez.mx\/historico\/wp-json\/wp\/v2\/media?parent=23856"}],"wp:term":[{"taxonomy":"category","embeddable":true,"href":"https:\/\/plazajuarez.mx\/historico\/wp-json\/wp\/v2\/categories?post=23856"},{"taxonomy":"post_tag","embeddable":true,"href":"https:\/\/plazajuarez.mx\/historico\/wp-json\/wp\/v2\/tags?post=23856"}],"curies":[{"name":"wp","href":"https:\/\/api.w.org\/{rel}","templated":true}]}}