{"id":238549,"date":"2022-11-16T10:01:53","date_gmt":"2022-11-16T16:01:53","guid":{"rendered":"https:\/\/plazajuarez.mx\/?p=238549"},"modified":"2022-11-16T10:01:59","modified_gmt":"2022-11-16T16:01:59","slug":"eligen-a-ernestina-vazquez-como-nueva-titular-de-la-comision-ejecutiva-de-atencion-a-victimas","status":"publish","type":"post","link":"https:\/\/plazajuarez.mx\/historico\/eligen-a-ernestina-vazquez-como-nueva-titular-de-la-comision-ejecutiva-de-atencion-a-victimas\/","title":{"rendered":"Eligen a Ernestina V\u00e1zquez como nueva titular\u00a0de la Comisi\u00f3n Ejecutiva de Atenci\u00f3n a V\u00edctimas"},"content":{"rendered":"\n<p>Con 26 votos a favor, los integrantes de la 65 Legislatura eligieron a Ernestina V\u00e1zquez L\u00f3pez, como titular de la Comisi\u00f3n Ejecutiva de Atenci\u00f3n a V\u00edctimas&nbsp; del Estado de Hidalgo, luego de que las comisiones permanentes conjuntas de Gobernaci\u00f3n, Seguridad Ciudadana y Justicia, y la de Derechos Humanos y Atenci\u00f3n de las Personas con Discapacidad del Congreso local analizaron los perfiles de la terna enviada por el gobernador Julio Menchaca Salazar.&nbsp;<\/p>\n\n\n\n<p>En su argumentaci\u00f3n, los diputados se\u00f1alaron que la terna estuvo conformada por Ernestina V\u00e1zquez L\u00f3pez, Blanca Rojas Ponciano y Janet Garc\u00eda Rodr\u00edguez, y que tras una consulta p\u00fablica previa a los colectivos de v\u00edctimas, expertos y organizaciones de la sociedad civil especializadas en la materia, adem\u00e1s de un an\u00e1lisis de los perfiles decidieron elegir a V\u00e1zquez L\u00f3pez.<\/p>\n\n\n\n<p>Por lo anterior, ocupar\u00e1 la titularidad&nbsp; de la Comisi\u00f3n Ejecutiva de Atenci\u00f3n a V\u00edctimas&nbsp; del Estado de Hidalgo, cargo al que no podr\u00e1 reelegirse y no podr\u00e1 emplearse en alguna otra funci\u00f3n p\u00fablica que no sea de corte acad\u00e9mico, cient\u00edfico o de beneficencia.<\/p>\n\n\n\n<p>Tras determinarse que V\u00e1zquez L\u00f3pez, cumpli\u00f3 con los requisitos legales y con los criterios relativos a la experiencia, grado acad\u00e9mico y plan de trabajo, los diputados de las comisiones emitieron el dictamen, mismo que tras someterse a consideraci\u00f3n del pleno logr\u00f3 los votos necesarios (por lo menos el de dos terceras partes) para ser aprobado.<\/p>\n","protected":false},"excerpt":{"rendered":"<p>Con 26 votos a favor, los integrantes de la 65 Legislatura eligieron a Ernestina V\u00e1zquez L\u00f3pez, como titular de la Comisi\u00f3n Ejecutiva de Atenci\u00f3n a V\u00edctimas&nbsp; del Estado de Hidalgo, luego de que las comisiones permanentes conjuntas de Gobernaci\u00f3n, Seguridad Ciudadana y Justicia, y la de Derechos Humanos y Atenci\u00f3n de las Personas con Discapacidad [&hellip;]<\/p>\n","protected":false},"author":72,"featured_media":238550,"comment_status":"closed","ping_status":"closed","sticky":false,"template":"","format":"standard","meta":{"footnotes":""},"categories":[15,59,2159],"tags":[],"class_list":["post-238549","post","type-post","status-publish","format-standard","has-post-thumbnail","hentry","category-destacadas","category-general","category-noticias-de-hidalgo"],"_links":{"self":[{"href":"https:\/\/plazajuarez.mx\/historico\/wp-json\/wp\/v2\/posts\/238549","targetHints":{"allow":["GET"]}}],"collection":[{"href":"https:\/\/plazajuarez.mx\/historico\/wp-json\/wp\/v2\/posts"}],"about":[{"href":"https:\/\/plazajuarez.mx\/historico\/wp-json\/wp\/v2\/types\/post"}],"author":[{"embeddable":true,"href":"https:\/\/plazajuarez.mx\/historico\/wp-json\/wp\/v2\/users\/72"}],"replies":[{"embeddable":true,"href":"https:\/\/plazajuarez.mx\/historico\/wp-json\/wp\/v2\/comments?post=238549"}],"version-history":[{"count":0,"href":"https:\/\/plazajuarez.mx\/historico\/wp-json\/wp\/v2\/posts\/238549\/revisions"}],"wp:featuredmedia":[{"embeddable":true,"href":"https:\/\/plazajuarez.mx\/historico\/wp-json\/wp\/v2\/media\/238550"}],"wp:attachment":[{"href":"https:\/\/plazajuarez.mx\/historico\/wp-json\/wp\/v2\/media?parent=238549"}],"wp:term":[{"taxonomy":"category","embeddable":true,"href":"https:\/\/plazajuarez.mx\/historico\/wp-json\/wp\/v2\/categories?post=238549"},{"taxonomy":"post_tag","embeddable":true,"href":"https:\/\/plazajuarez.mx\/historico\/wp-json\/wp\/v2\/tags?post=238549"}],"curies":[{"name":"wp","href":"https:\/\/api.w.org\/{rel}","templated":true}]}}