{"id":238545,"date":"2022-11-16T10:01:03","date_gmt":"2022-11-16T16:01:03","guid":{"rendered":"https:\/\/plazajuarez.mx\/?p=238545"},"modified":"2022-11-16T10:01:09","modified_gmt":"2022-11-16T16:01:09","slug":"ninez-y-adolescencia-inspiran-el-camino-de-la-transformacion","status":"publish","type":"post","link":"https:\/\/plazajuarez.mx\/historico\/ninez-y-adolescencia-inspiran-el-camino-de-la-transformacion\/","title":{"rendered":"Ni\u00f1ez y adolescencia inspiran\u00a0el camino de la transformaci\u00f3n"},"content":{"rendered":"\n<p>En su calidad de presidente del Sistema Estatal de Protecci\u00f3n Integral de los Derechos de Ni\u00f1as, Ni\u00f1os y Adolescentes Hidalgo (SIPINNAH), el gobernador Julio Menchaca Salazar, encabez\u00f3 la Tercera Sesi\u00f3n Ordinaria de este organismo, dijo que su gobierno guarda la responsabilidad de construir mejores condiciones y oportunidades de desarrollo para este sector poblacional.<\/p>\n\n\n\n<p>El mandatario estatal record\u00f3 que los tres \u00f3rdenes de gobierno deben priorizar la construcci\u00f3n de pol\u00edticas p\u00fablicas que atiendan de manera integral los retos a los que se enfrenta la ni\u00f1ez, adelantando que su administraci\u00f3n vigilar\u00e1 el buen funcionamiento del SIPINNA, en apego a lo dispuesto en la Ley General de los Derechos de Ni\u00f1as, Ni\u00f1os y Adolescentes.&nbsp;&nbsp;<\/p>\n\n\n\n<p>\u201cEl resultado de nuestros afanes se ver\u00e1 traducido en la mejora de las condiciones de vida de todas y todos\u201d, sentenci\u00f3 Menchaca Salazar al lamentar que desde 2015, este sea el tercer encuentro entre quienes representan los intereses de las y los menores hidalguenses, situaci\u00f3n que cambiar\u00e1 pues su compromiso es seguir trabajando para garantizar la transversalidad de las acciones gubernamentales para la protecci\u00f3n de los derechos de las infancias.<\/p>\n\n\n\n<p>En su participaci\u00f3n, Constanza Tort San Rom\u00e1n, encargada del Despacho de la Secretar\u00eda Ejecutiva del SIPINNA, reconoci\u00f3 que, dentro de la agenda gubernamental del estado de Hidalgo se ha priorizado la protecci\u00f3n de los derechos fundamentales de la ni\u00f1ez, acciones que fortalecer\u00e1n de manera sustancial, el acceso a una vida digna y libre de violencia de miles de ni\u00f1as, ni\u00f1os y adolescentes.&nbsp;<\/p>\n\n\n\n<p>Para Constanza Tort San Rom\u00e1n la presencia del gobernador Julio Menchaca \u201ces una muestra innegable de su compromiso con la ni\u00f1ez\u201d es una buena se\u00f1al.<\/p>\n\n\n\n<p>Guillermo Olivares Reyna, titular de la Secretar\u00eda de Gobierno, destac\u00f3 que en esta sesi\u00f3n se integr\u00f3 de manera formal este organismo, luego de que, en septiembre pasado, inici\u00f3 un nuevo r\u00e9gimen pol\u00edtico en la entidad. Asimismo, record\u00f3 que entre los objetivos del SIPINNA se encuentra la defensa de los derechos a la identidad, a una familia, la no discriminaci\u00f3n, a una vida libre de violencia, salud, entre otros de ni\u00f1as, ni\u00f1os y adolescentes en Hidalgo.&nbsp;<\/p>\n","protected":false},"excerpt":{"rendered":"<p>En su calidad de presidente del Sistema Estatal de Protecci\u00f3n Integral de los Derechos de Ni\u00f1as, Ni\u00f1os y Adolescentes Hidalgo (SIPINNAH), el gobernador Julio Menchaca Salazar, encabez\u00f3 la Tercera Sesi\u00f3n Ordinaria de este organismo, dijo que su gobierno guarda la responsabilidad de construir mejores condiciones y oportunidades de desarrollo para este sector poblacional. El mandatario [&hellip;]<\/p>\n","protected":false},"author":93,"featured_media":238546,"comment_status":"closed","ping_status":"closed","sticky":false,"template":"","format":"standard","meta":{"footnotes":""},"categories":[59,2159],"tags":[],"class_list":["post-238545","post","type-post","status-publish","format-standard","has-post-thumbnail","hentry","category-general","category-noticias-de-hidalgo"],"_links":{"self":[{"href":"https:\/\/plazajuarez.mx\/historico\/wp-json\/wp\/v2\/posts\/238545","targetHints":{"allow":["GET"]}}],"collection":[{"href":"https:\/\/plazajuarez.mx\/historico\/wp-json\/wp\/v2\/posts"}],"about":[{"href":"https:\/\/plazajuarez.mx\/historico\/wp-json\/wp\/v2\/types\/post"}],"author":[{"embeddable":true,"href":"https:\/\/plazajuarez.mx\/historico\/wp-json\/wp\/v2\/users\/93"}],"replies":[{"embeddable":true,"href":"https:\/\/plazajuarez.mx\/historico\/wp-json\/wp\/v2\/comments?post=238545"}],"version-history":[{"count":0,"href":"https:\/\/plazajuarez.mx\/historico\/wp-json\/wp\/v2\/posts\/238545\/revisions"}],"wp:featuredmedia":[{"embeddable":true,"href":"https:\/\/plazajuarez.mx\/historico\/wp-json\/wp\/v2\/media\/238546"}],"wp:attachment":[{"href":"https:\/\/plazajuarez.mx\/historico\/wp-json\/wp\/v2\/media?parent=238545"}],"wp:term":[{"taxonomy":"category","embeddable":true,"href":"https:\/\/plazajuarez.mx\/historico\/wp-json\/wp\/v2\/categories?post=238545"},{"taxonomy":"post_tag","embeddable":true,"href":"https:\/\/plazajuarez.mx\/historico\/wp-json\/wp\/v2\/tags?post=238545"}],"curies":[{"name":"wp","href":"https:\/\/api.w.org\/{rel}","templated":true}]}}