{"id":238541,"date":"2022-11-16T10:00:12","date_gmt":"2022-11-16T16:00:12","guid":{"rendered":"https:\/\/plazajuarez.mx\/?p=238541"},"modified":"2022-11-16T10:00:17","modified_gmt":"2022-11-16T16:00:17","slug":"no-hubo-recursos-para-la-beca-miguel-hidalgo","status":"publish","type":"post","link":"https:\/\/plazajuarez.mx\/historico\/no-hubo-recursos-para-la-beca-miguel-hidalgo\/","title":{"rendered":"No hubo recursos para la Beca Miguel Hidalgo"},"content":{"rendered":"\n<p>Natividad Castrej\u00f3n Vald\u00e9z, titular de la Secretar\u00eda de Educaci\u00f3n P\u00fablica de Hidalgo (SEPH) inform\u00f3 que el motivo po9r el que este a\u00f1o s\u00f3lo se entregar\u00e1n ocho de 12 meses de la Beca Miguel Hidalgo y Costilla, lo anterior debido a que est\u00e1 sujeta a la suficiencia presupuestal, por lo que detall\u00f3 que no habr\u00e1 m\u00e1s apoyo que los dos meses que actualmente est\u00e1n concursando los alumnos de nivel superior de diversas instituciones.<\/p>\n\n\n\n<p>\u201cLa beca est\u00e1 sujeta a razones presupuestales, desde que se entrega as\u00ed se condiciona, a la posibilidad de que tenga recursos el estado. Estamos en transici\u00f3n y hemos tenido una incapacidad financiera para poder cubrir todos los meses del a\u00f1o, ahorita sali\u00f3 por dos meses para cerrar el a\u00f1o\u201d, dijo.<\/p>\n\n\n\n<p>Y agreg\u00f3 \u201cterminamos con noviembre y diciembre con el presupuesto que tenemos autorizado y por eso lo estamos haciendo muy r\u00e1pido porque nos acaban de liberar los recursos y nos alcanza para una cantidad de j\u00f3venes para este par de meses pero en enero seguir\u00e1 su ruta normal de acuerdo al presupuesto que autorice el congreso\u201d.<\/p>\n\n\n\n<p>Aunque la tercera convocatoria no contempla diciembre sino los meses de octubre y noviembre, de igual forma el funcionario p\u00fablico se\u00f1al\u00f3 que los alumnos de excelencia tienen acceso a otros apoyos, sin embargo durante el gobierno de Omar Fayad, la propia convocatoria de la Beca Miguel Hidalgo, establec\u00eda apoyos mensuales de mil pesos para alumnos ordinarios y de dos mil 500 pesos para los de excelencia, mientras que en la convocatoria actual s\u00f3lo establece montos de mil pesos mensuales para todos los concursantes.<\/p>\n","protected":false},"excerpt":{"rendered":"<p>Natividad Castrej\u00f3n Vald\u00e9z, titular de la Secretar\u00eda de Educaci\u00f3n P\u00fablica de Hidalgo (SEPH) inform\u00f3 que el motivo po9r el que este a\u00f1o s\u00f3lo se entregar\u00e1n ocho de 12 meses de la Beca Miguel Hidalgo y Costilla, lo anterior debido a que est\u00e1 sujeta a la suficiencia presupuestal, por lo que detall\u00f3 que no habr\u00e1 m\u00e1s [&hellip;]<\/p>\n","protected":false},"author":72,"featured_media":238542,"comment_status":"closed","ping_status":"closed","sticky":false,"template":"","format":"standard","meta":{"footnotes":""},"categories":[15,59,2159],"tags":[],"class_list":["post-238541","post","type-post","status-publish","format-standard","has-post-thumbnail","hentry","category-destacadas","category-general","category-noticias-de-hidalgo"],"_links":{"self":[{"href":"https:\/\/plazajuarez.mx\/historico\/wp-json\/wp\/v2\/posts\/238541","targetHints":{"allow":["GET"]}}],"collection":[{"href":"https:\/\/plazajuarez.mx\/historico\/wp-json\/wp\/v2\/posts"}],"about":[{"href":"https:\/\/plazajuarez.mx\/historico\/wp-json\/wp\/v2\/types\/post"}],"author":[{"embeddable":true,"href":"https:\/\/plazajuarez.mx\/historico\/wp-json\/wp\/v2\/users\/72"}],"replies":[{"embeddable":true,"href":"https:\/\/plazajuarez.mx\/historico\/wp-json\/wp\/v2\/comments?post=238541"}],"version-history":[{"count":0,"href":"https:\/\/plazajuarez.mx\/historico\/wp-json\/wp\/v2\/posts\/238541\/revisions"}],"wp:featuredmedia":[{"embeddable":true,"href":"https:\/\/plazajuarez.mx\/historico\/wp-json\/wp\/v2\/media\/238542"}],"wp:attachment":[{"href":"https:\/\/plazajuarez.mx\/historico\/wp-json\/wp\/v2\/media?parent=238541"}],"wp:term":[{"taxonomy":"category","embeddable":true,"href":"https:\/\/plazajuarez.mx\/historico\/wp-json\/wp\/v2\/categories?post=238541"},{"taxonomy":"post_tag","embeddable":true,"href":"https:\/\/plazajuarez.mx\/historico\/wp-json\/wp\/v2\/tags?post=238541"}],"curies":[{"name":"wp","href":"https:\/\/api.w.org\/{rel}","templated":true}]}}